{"id":610,"date":"2016-12-18T06:25:28","date_gmt":"2016-12-18T04:25:28","guid":{"rendered":"http:\/\/themptander.com\/?p=610"},"modified":"2016-12-18T06:25:28","modified_gmt":"2016-12-18T04:25:28","slug":"battre","status":"publish","type":"post","link":"https:\/\/themptander.com\/?p=610","title":{"rendered":"B\u00e4ttre"},"content":{"rendered":"<p>Rent generellt m\u00e5r jag b\u00e4ttre.<br \/>\nMentalt \u00e4r det mycket b\u00e4ttre. Det positiva beskedet fr\u00e5n l\u00e4karen hade nog mer effekt \u00e4n jag trodde. Jag var nog helt enkelt betydligt mer p\u00e5verkad \u00e4n jag\u00a0 trodde och k\u00e4nde.<\/p>\n<p>D\u00e4remot \u00e4r k\u00e4nslorna p\u00e5 utsidan. Reagerar p\u00e5 sm\u00e5saker b\u00e5de upp och ner, \u00e4ven om ner inte \u00e4r lika djupt och inte lika varaktigt. Men k\u00e4nsligt \u00e4r det.<br \/>\n\u00c4r heller inte lika rent utmattad \u00e4ven om jag g\u00e4rna skulla sova typ tre dagar i str\u00e4ck eller n\u00e5t s\u00e5nt. D\u00e4remot h\u00e5ller inte ryggen f\u00f6r det vilket g\u00f6r det ironiskt.<\/p>\n<p>Har insett att egenv\u00e4rde helt enkelt kommer inifr\u00e5n, d\u00e4remot kommer jag f\u00e5 sv\u00e5rt leva efter det p\u00e5 ett bra tag men det \u00e4r ju fortfarande fakta. Jag \u00e4r bra p\u00e5 att s\u00e4ga det till andra men betydligt s\u00e4mre p\u00e5 att leva efter det sj\u00e4lv.<br \/>\nVad g\u00e4ller en del personer som haft stora roller under h\u00f6sten har jag b\u00f6rjat komma till insikter, det ena \u00e4r ingen direkt rolig insikt, den andra \u00e4r nog bara bra.<\/p>\n<p>Att inse att man bara duger n\u00e4r n\u00e5gon beh\u00f6ver en \u00e4r inte f\u00f6rsta g\u00e5ngen jag m\u00e4rker av. Men det h\u00e4r satt lite djupare, gjorde kanske inte ondare men sved \u00e4nd\u00e5 rej\u00e4lt. Att inte fr\u00e5ga hur n\u00e5gon m\u00e5r ens utan bara direkt fr\u00e5ga om man kan g\u00f6ra det eller det.<br \/>\nJag menar, visst, jag hj\u00e4lper g\u00e4rna mina v\u00e4nner b\u00e5de privat och jobbm\u00e4ssigt men ska ni vara mina v\u00e4nner r\u00e4knar jag \u00e4nd\u00e5 lite med att ni bryr er om hur jag m\u00e5r ocks\u00e5, inte bara vad jag kan g\u00f6ra f\u00f6r er.<\/p>\n<p>De som d\u00e4remot ofta st\u00e4ller upp utan att f\u00f6rv\u00e4nta sig n\u00e5got, det \u00e4r s\u00e5 att jag f\u00e5r d\u00e5ligt samvete f\u00f6r att jag inte kan g\u00f6ra n\u00e5got tillbaka. Det finns inget jag kan &#8220;betala&#8221; tillbaka med, d\u00e4rf\u00f6r blir jag mer glad n\u00e4r s\u00e5na tillf\u00e4llen dyker upp att de kanske ber om n\u00e5t.<br \/>\n\u00c4ven om efterdyningen kanske inte blev som jag hoppats \u00e4nd\u00e5.<\/p>\n<p>B\u00f6rjar nu bli nerv\u00f6s f\u00f6r onsdag och \u00e4ven f\u00f6r julen.<br \/>\nDet \u00e4r s\u00e5 mycket som ska hinnas med och jag tar som vanligt ut att jag inte kommer f\u00e5 typ n\u00e5n s\u00f6mn i f\u00f6rv\u00e4g och oroar mig f\u00f6r det ocks\u00e5. Men det m\u00e5ste g\u00e5 bra p\u00e5 onsdag, det bara m\u00e5ste.<br \/>\nOch julen l\u00e4r g\u00e5 den ocks\u00e5, tror alla julklappar \u00e4r fixade. Sista adresserna till julkorten skrevs idag. Bara frim\u00e4rke och inv\u00e4nta r\u00e4tt dag att posta dem p\u00e5.<\/p>\n","protected":false},"excerpt":{"rendered":"<p>Rent generellt m\u00e5r jag b\u00e4ttre. Mentalt \u00e4r det mycket b\u00e4ttre. Det positiva beskedet fr\u00e5n l\u00e4karen hade nog mer effekt \u00e4n jag trodde. Jag var nog helt enkelt betydligt mer p\u00e5verkad \u00e4n jag\u00a0 trodde och k\u00e4nde. D\u00e4remot \u00e4r k\u00e4nslorna p\u00e5 utsidan. &hellip; <a href=\"https:\/\/themptander.com\/?p=610\">Continue reading <span class=\"meta-nav\">&rarr;<\/span><\/a><\/p>\n","protected":false},"author":1,"featured_media":0,"comment_status":"open","ping_status":"open","sticky":false,"template":"","format":"standard","meta":{"jetpack_post_was_ever_published":false,"_jetpack_newsletter_access":"","_jetpack_dont_email_post_to_subs":false,"_jetpack_newsletter_tier_id":0,"_jetpack_memberships_contains_paywalled_content":false,"_jetpack_memberships_contains_paid_content":false,"footnotes":""},"categories":[4],"tags":[163,166,155,165,164,108,124,119],"class_list":["post-610","post","type-post","status-publish","format-standard","hentry","category-blogg","tag-battre","tag-egenvarde","tag-lakare","tag-nervos","tag-stalla-upp","tag-tankar","tag-utnyttjad","tag-vanner"],"jetpack_featured_media_url":"","jetpack_likes_enabled":true,"jetpack_sharing_enabled":true,"_links":{"self":[{"href":"https:\/\/themptander.com\/index.php?rest_route=\/wp\/v2\/posts\/610","targetHints":{"allow":["GET"]}}],"collection":[{"href":"https:\/\/themptander.com\/index.php?rest_route=\/wp\/v2\/posts"}],"about":[{"href":"https:\/\/themptander.com\/index.php?rest_route=\/wp\/v2\/types\/post"}],"author":[{"embeddable":true,"href":"https:\/\/themptander.com\/index.php?rest_route=\/wp\/v2\/users\/1"}],"replies":[{"embeddable":true,"href":"https:\/\/themptander.com\/index.php?rest_route=%2Fwp%2Fv2%2Fcomments&post=610"}],"version-history":[{"count":1,"href":"https:\/\/themptander.com\/index.php?rest_route=\/wp\/v2\/posts\/610\/revisions"}],"predecessor-version":[{"id":611,"href":"https:\/\/themptander.com\/index.php?rest_route=\/wp\/v2\/posts\/610\/revisions\/611"}],"wp:attachment":[{"href":"https:\/\/themptander.com\/index.php?rest_route=%2Fwp%2Fv2%2Fmedia&parent=610"}],"wp:term":[{"taxonomy":"category","embeddable":true,"href":"https:\/\/themptander.com\/index.php?rest_route=%2Fwp%2Fv2%2Fcategories&post=610"},{"taxonomy":"post_tag","embeddable":true,"href":"https:\/\/themptander.com\/index.php?rest_route=%2Fwp%2Fv2%2Ftags&post=610"}],"curies":[{"name":"wp","href":"https:\/\/api.w.org\/{rel}","templated":true}]}}