{"id":607,"date":"2016-12-06T03:57:37","date_gmt":"2016-12-06T01:57:37","guid":{"rendered":"http:\/\/themptander.com\/?p=607"},"modified":"2016-12-06T03:57:37","modified_gmt":"2016-12-06T01:57:37","slug":"besked","status":"publish","type":"post","link":"https:\/\/themptander.com\/?p=607","title":{"rendered":"Besked"},"content":{"rendered":"<p>Idag ska det d\u00e5 komma besked fr\u00e5n l\u00e4karen.<br \/>\nV\u00e4ntan \u00e4r det jobbigaste.<br \/>\nAll v\u00e4ntan p\u00e5 saker jag inte kan p\u00e5verka \u00e4r avskyv\u00e4rd och jag hatar det.<br \/>\nN\u00e4r det ibland \u00e4r saker jag tycker jag kan p\u00e5verka s\u00e5 \u00e4r det \u00e4nnu mer irriterande.<\/p>\n<p>N\u00e4r n\u00e5got sedan g\u00e5r snett f\u00f6r att jag f\u00f6rs\u00f6ker g\u00f6ra saker p\u00e5 annat s\u00e4tt f\u00f6r att det ska bli b\u00e4ttre s\u00e5 \u00e4r det ocks\u00e5 st\u00f6rande eftersom d\u00e5 borde jag gjort det p\u00e5 mitt s\u00e4tt fr\u00e5n b\u00f6rjan.<br \/>\nDet h\u00e4r med att anpassa sig \u00e4r en balansg\u00e5ng, oftast misslyckas jag, om det beror p\u00e5 mig eller p\u00e5 s\u00e4ttet eller p\u00e5 att vi inte \u00e4r kompatibla vete fan.<\/p>\n<p>Att v\u00e4nta p\u00e5 besked som kan v\u00e4nda upp och ner p\u00e5 livet en g\u00e5ng till, det \u00e4r nog det v\u00e4rsta.<br \/>\nOch inget att g\u00f6ra mer \u00e4n hoppas och v\u00e4nta.<br \/>\nF\u00f6rs\u00f6ker undvika bli mer slutk\u00f6rd i v\u00e4ntan p\u00e5 l\u00e4kartiden.<br \/>\nG\u00e5r s\u00e5d\u00e4r men va fan&#8230; jag f\u00f6rs\u00f6ker. Dock \u00e4r trycket utifr\u00e5n lite v\u00e4l h\u00f6gt p\u00e5 vissa saker och n\u00e4r jag f\u00f6rs\u00f6ker f\u00f6rklara blir det bara fel.<\/p>\n<p>Att s\u00e4ga att b\u00e5de mina handlingar och mina tankar \u00e4r f\u00f6rvirrade \u00e4r nog en klar underdrift.<br \/>\nMen jag k\u00e4nner ocks\u00e5 att jag inte riktigt orkar \u00e4ndra det just nu.<\/p>\n<p>Socialt k\u00e4nner jag att jag vill mer \u00e4n jag orkar.<br \/>\nBeh\u00f6ver mer \u00e4n jag har m\u00f6jlighet till av flera anledningar.<\/p>\n<p>Men jag blir konfunderad n\u00e4r en del m\u00e4nniskor \u00e4r s\u00e5 inkonsekventa.<br \/>\nV\u00e4nner som s\u00e4ger en sak men g\u00f6r en annan. G\u00f6r vissa saker de sagt men verkar totalt gl\u00f6mt andra. S\u00e4ger de vill en sak men agerar tv\u00e4rtemot.<br \/>\n\u00c4r det inte bara l\u00e4ttare vara \u00e4rlig?<\/p>\n","protected":false},"excerpt":{"rendered":"<p>Idag ska det d\u00e5 komma besked fr\u00e5n l\u00e4karen. V\u00e4ntan \u00e4r det jobbigaste. All v\u00e4ntan p\u00e5 saker jag inte kan p\u00e5verka \u00e4r avskyv\u00e4rd och jag hatar det. N\u00e4r det ibland \u00e4r saker jag tycker jag kan p\u00e5verka s\u00e5 \u00e4r det \u00e4nnu &hellip; <a href=\"https:\/\/themptander.com\/?p=607\">Continue reading <span class=\"meta-nav\">&rarr;<\/span><\/a><\/p>\n","protected":false},"author":1,"featured_media":0,"comment_status":"open","ping_status":"open","sticky":false,"template":"","format":"standard","meta":{"jetpack_post_was_ever_published":false,"_jetpack_newsletter_access":"","_jetpack_dont_email_post_to_subs":false,"_jetpack_newsletter_tier_id":0,"_jetpack_memberships_contains_paywalled_content":false,"_jetpack_memberships_contains_paid_content":false,"footnotes":""},"categories":[4],"tags":[123,162,107,157,160,155,161,156,159,158,126],"class_list":["post-607","post","type-post","status-publish","format-standard","hentry","category-blogg","tag-arlighet","tag-balansgang","tag-besked","tag-inkonsekvens","tag-jobb","tag-lakare","tag-slut","tag-socialt","tag-talamod","tag-tryck","tag-vantan"],"jetpack_featured_media_url":"","jetpack_likes_enabled":true,"jetpack_sharing_enabled":true,"_links":{"self":[{"href":"https:\/\/themptander.com\/index.php?rest_route=\/wp\/v2\/posts\/607","targetHints":{"allow":["GET"]}}],"collection":[{"href":"https:\/\/themptander.com\/index.php?rest_route=\/wp\/v2\/posts"}],"about":[{"href":"https:\/\/themptander.com\/index.php?rest_route=\/wp\/v2\/types\/post"}],"author":[{"embeddable":true,"href":"https:\/\/themptander.com\/index.php?rest_route=\/wp\/v2\/users\/1"}],"replies":[{"embeddable":true,"href":"https:\/\/themptander.com\/index.php?rest_route=%2Fwp%2Fv2%2Fcomments&post=607"}],"version-history":[{"count":1,"href":"https:\/\/themptander.com\/index.php?rest_route=\/wp\/v2\/posts\/607\/revisions"}],"predecessor-version":[{"id":608,"href":"https:\/\/themptander.com\/index.php?rest_route=\/wp\/v2\/posts\/607\/revisions\/608"}],"wp:attachment":[{"href":"https:\/\/themptander.com\/index.php?rest_route=%2Fwp%2Fv2%2Fmedia&parent=607"}],"wp:term":[{"taxonomy":"category","embeddable":true,"href":"https:\/\/themptander.com\/index.php?rest_route=%2Fwp%2Fv2%2Fcategories&post=607"},{"taxonomy":"post_tag","embeddable":true,"href":"https:\/\/themptander.com\/index.php?rest_route=%2Fwp%2Fv2%2Ftags&post=607"}],"curies":[{"name":"wp","href":"https:\/\/api.w.org\/{rel}","templated":true}]}}