{"id":469,"date":"2015-02-24T00:39:30","date_gmt":"2015-02-23T22:39:30","guid":{"rendered":"http:\/\/themptander.com\/?p=469"},"modified":"2015-02-24T15:49:32","modified_gmt":"2015-02-24T13:49:32","slug":"vm-falun-dag-4-damer-10km","status":"publish","type":"post","link":"https:\/\/themptander.com\/?p=469","title":{"rendered":"VM Falun dag 4 Damer 10km"},"content":{"rendered":"<p>S\u00e5 efter en vilodag s\u00e5 \u00e4r det dags att k\u00f6ra igen. Nu blir det bara en t\u00e4vling per dag, separerar damerna och herrarna resten av VM.<\/p>\n<p>Damerna k\u00f6r f\u00f6rst. Detta lopp \u00e4r det enda med individuell start. Det g\u00f6r det inte riktigt lika markant som p\u00e5 herrsidan men det gynnar inte extrema spurtspecialister som inte f\u00e5r draghj\u00e4lp fram till upploppet.<\/p>\n<p>Det h\u00e4r var p\u00e5 f\u00f6rhand st\u00f6rsta medaljchansen f\u00f6r Sverige med en Charlotte Kalla i form. Nu har Sverige redan tagit medaljer men inget guld och detta \u00e4r Kallas favoritdistans. Hon har visat bra form under skiathlonen \u00e4ven om hon la lite f\u00f6r mycket energi f\u00f6r tidigt f\u00f6r att ha en chans h\u00e4nga p\u00e5 Johaug n\u00e4r hon ryckte.<\/p>\n<p>Givetvis g\u00e5r det inte att r\u00e4kna bort Bj\u00f6rgen i detta lopp. Hon valde att st\u00e5 \u00f6ver lagsprinten f\u00f6r att villa upp kroppen efter genomklappningen (f\u00f6r att vara Marit) i skiathlonen. \u00c4r hon utvilad igen blir hon sv\u00e5rstoppad men Kallas lopp i \u00d6stersund visar att hon kan vinna \u00f6ver Bj\u00f6rgen.<\/p>\n<p>Det g\u00e5r heller inte att r\u00e4kna bort Johaug som visat med sin seger att hon hittat formen till VM. Hon gillar individuella starter och kommer k\u00f6ra h\u00e5rt. Johaug g\u00e5r ut n\u00e4st sist av de riktigt bra \u00e5karna och det kommer ge henne f\u00f6rdelen av att kunna f\u00e5 tider fr\u00e5n tidigare startande att g\u00e5 p\u00e5. Detsamma g\u00e4ller f\u00f6r Bj\u00f6rgen som \u00e4r den enda som startar bakom Johaug. Kalla m\u00e5ste g\u00f6ra sitt lopp sj\u00e4lv utan baktider fr\u00e5n de st\u00f6rsta utmanarna.<\/p>\n<p>Ut\u00f6ver dessa tre g\u00e5r det inte r\u00e4kna bort \u00f6vriga norskor, Weng \u00e4r en duktig fristils\u00e5kare och Jacobsen visade med sitt silver att hon \u00e4r i form och hon har varit bra med individuell start tidigare denna s\u00e4song ocks\u00e5. Ryskan Tchekaleva \u00e4r en utmanare om hon hittat formen liksom finskan Niskanen som dock f\u00e5r sv\u00e5rt r\u00e4cka hela v\u00e4gen om det \u00e4r som det brukar.<\/p>\n<p>Outsiders s\u00e4ger jag Jessica\u00a0Diggins, tjejen \u00e4r grym p\u00e5 att kl\u00e4ttra, det har hon visat i Tour de ski avslutningen. Hon \u00e4r en f\u00f6rstklassig fristils\u00e5kare men visade ingen toppform i sprintstafetten. Veteranen Claudia\u00a0Nystad vet man inte riktigt var man har men hon b\u00f6r inte r\u00e4cka till topplaceringar l\u00e4ngre.<\/p>\n<p>Medaljtips: Bj\u00f6rgen, Kalla, Johaug.<br \/>\nLite mer os\u00e4ker p\u00e5 inb\u00f6rdes ordningen.<\/p>\n","protected":false},"excerpt":{"rendered":"<p>S\u00e5 efter en vilodag s\u00e5 \u00e4r det dags att k\u00f6ra igen. Nu blir det bara en t\u00e4vling per dag, separerar damerna och herrarna resten av VM. Damerna k\u00f6r f\u00f6rst. Detta lopp \u00e4r det enda med individuell start. Det g\u00f6r det &hellip; <a href=\"https:\/\/themptander.com\/?p=469\">Continue reading <span class=\"meta-nav\">&rarr;<\/span><\/a><\/p>\n","protected":false},"author":1,"featured_media":0,"comment_status":"open","ping_status":"open","sticky":false,"template":"","format":"standard","meta":{"jetpack_post_was_ever_published":false,"_jetpack_newsletter_access":"","_jetpack_dont_email_post_to_subs":false,"_jetpack_newsletter_tier_id":0,"_jetpack_memberships_contains_paywalled_content":false,"_jetpack_memberships_contains_paid_content":false,"footnotes":""},"categories":[5,85],"tags":[99,58,97,89,98,91,41,39,88],"class_list":["post-469","post","type-post","status-publish","format-standard","hentry","category-sport","category-vm-falun-sport","tag-10km","tag-bjorgen","tag-damer","tag-falun","tag-fristil","tag-johaug","tag-kalla","tag-medaljer","tag-vm"],"jetpack_featured_media_url":"","jetpack_likes_enabled":true,"jetpack_sharing_enabled":true,"_links":{"self":[{"href":"https:\/\/themptander.com\/index.php?rest_route=\/wp\/v2\/posts\/469","targetHints":{"allow":["GET"]}}],"collection":[{"href":"https:\/\/themptander.com\/index.php?rest_route=\/wp\/v2\/posts"}],"about":[{"href":"https:\/\/themptander.com\/index.php?rest_route=\/wp\/v2\/types\/post"}],"author":[{"embeddable":true,"href":"https:\/\/themptander.com\/index.php?rest_route=\/wp\/v2\/users\/1"}],"replies":[{"embeddable":true,"href":"https:\/\/themptander.com\/index.php?rest_route=%2Fwp%2Fv2%2Fcomments&post=469"}],"version-history":[{"count":5,"href":"https:\/\/themptander.com\/index.php?rest_route=\/wp\/v2\/posts\/469\/revisions"}],"predecessor-version":[{"id":474,"href":"https:\/\/themptander.com\/index.php?rest_route=\/wp\/v2\/posts\/469\/revisions\/474"}],"wp:attachment":[{"href":"https:\/\/themptander.com\/index.php?rest_route=%2Fwp%2Fv2%2Fmedia&parent=469"}],"wp:term":[{"taxonomy":"category","embeddable":true,"href":"https:\/\/themptander.com\/index.php?rest_route=%2Fwp%2Fv2%2Fcategories&post=469"},{"taxonomy":"post_tag","embeddable":true,"href":"https:\/\/themptander.com\/index.php?rest_route=%2Fwp%2Fv2%2Ftags&post=469"}],"curies":[{"name":"wp","href":"https:\/\/api.w.org\/{rel}","templated":true}]}}