{"id":3749,"date":"2021-12-31T18:12:06","date_gmt":"2021-12-31T16:12:06","guid":{"rendered":"http:\/\/themptander.com\/?p=3749"},"modified":"2021-12-31T18:12:06","modified_gmt":"2021-12-31T16:12:06","slug":"nytt-ar-nya-utmaningar","status":"publish","type":"post","link":"https:\/\/themptander.com\/?p=3749","title":{"rendered":"Nytt \u00e5r &#8211; Nya utmaningar"},"content":{"rendered":"<p>Ja, eller vad ska man s\u00e4ga.<br \/>\nNytt \u00e5r kommer vare sig jag vill eller inte, nya utmaningar blir det alltid med framtiden.<br \/>\nSedan \u00e4r det stora f\u00f6r\u00e4ndringar p\u00e5 v\u00e4g, igen.<br \/>\nHar tydligen sv\u00e5rt komma till ro p\u00e5 jobbet, b\u00f6rjar undra om det \u00e4r mig det \u00e4r fel p\u00e5 eller om objekten \u00e4r s\u00e5 kr\u00e5ngliga eller sv\u00e5ra eller n\u00e5t annat som g\u00f6r att jag inte vill\/kan stanna kvar i l\u00e4ngden.<\/p>\n<p>Tycker jag f\u00f6rs\u00f6ker g\u00f6ra vad jag kan men n\u00e5nting \u00e4r det hela tiden som g\u00f6r att det gnager och det gnager f\u00f6r mycket f\u00f6r att jag bara ska kunna l\u00e5ta det vara och stanna kvar.<br \/>\nVisst, det \u00e4r bara ett jobb, men jobbet \u00e4r s\u00e5 stor del av livet att jag verkligen vill trivas.<br \/>\nDet \u00e4r inte pengarna som \u00e4r grejen utan platsen och m\u00e4nniskorna.<br \/>\nAllt m\u00e5ste st\u00e4mma. Hj\u00e4lper inte att de allra flesta kollegorna och chefen \u00e4r grymma.<br \/>\nDet saknas \u00e4nd\u00e5 vitala delar f\u00f6r att det ska fungera. Framf\u00f6rallt m\u00e5ste jag f\u00e5 ridningen att fungera och det g\u00e5r inte av flera sk\u00e4l.<\/p>\n<p>S\u00e5 nu g\u00f6r jag ett nytt f\u00f6rs\u00f6k att f\u00e5 ordning p\u00e5 stommen av livet. Wish me luck.<\/p>\n<p>Vad g\u00e4ller resten av livet har jag saker jag beh\u00f6ver t\u00e4nka \u00f6ver ordentligt och f\u00e5 ordning p\u00e5. Fundera ut vad som g\u00e4ller, vad \u00e4r v\u00e4rt vad och hur kan jag komma dit d\u00e4r det st\u00e4mmer?<br \/>\nD\u00e4r det flyter p\u00e5 med harmoni&#8230; Det hade varit f\u00f6rbannat sk\u00f6nt.<\/p>\n<p>F\u00f6rst vore det dock j\u00e4kligt sk\u00f6nt slippa den h\u00e4r Post-Covid skiten, inte f\u00f6r att jag \u00e4r diagnostiserad men har f\u00e5tt det efter Coronan och det \u00e4r vanliga biverkningar.<br \/>\nDet h\u00e4r med uselt korttidsminne, f\u00f6rvirring och pl\u00f6tsligt bli s\u00e5 tr\u00f6tt att jag skulle kunna somna st\u00e5ende, det \u00e4r inget jag trivs med.<br \/>\nExtremt st\u00f6rande p\u00e5 s\u00e5 m\u00e5nga s\u00e4tt.<\/p>\n<p>Vill orka med och kunna g\u00f6ra det som beh\u00f6vs och borde g\u00f6ras eller bara det jag vill.<br \/>\nSlippa den h\u00e4r utmattningen som kommer utan f\u00f6rvarning och ibland utan direkt orsak.<br \/>\nKunna ta i med tr\u00e4ning och ridning och \u00e4ven orka fixa saker hemma utan att r\u00e4kningen kommer efter n\u00e5gra timmar eller med r\u00e4nta dagen efter&#8230;<br \/>\nKunna planera saker utan att vara os\u00e4ker p\u00e5 om jag kommer orka eller hur mycket som kommer kr\u00e4vas.<\/p>\n<p>Men det \u00e4r v\u00e4l bra att ge det tid&#8230; Hatar v\u00e4nta p\u00e5 saker jag inte kan p\u00e5verka. men det \u00e4r bara att ge det tid f\u00f6r jag kan inte g\u00f6ra mer \u00e4n vila n\u00e4r kroppen s\u00e4ger fr\u00e5n och f\u00f6rs\u00f6ka g\u00f6ra allt jag vill men kanske i en lugnare takt s\u00e5 l\u00e4nge det beh\u00f6vs.<\/p>\n<p>Hoppas p\u00e5 f\u00f6r\u00e4ndringar fr\u00e5n en del jag k\u00e4nner men det \u00e4r v\u00e4l att hoppas p\u00e5 f\u00f6r mycket.<br \/>\nF\u00e5r helt enkelt leva med det och f\u00f6rs\u00f6ka anpassa mig sj\u00e4lv s\u00e5 att de som inte f\u00f6rtj\u00e4nar det inte f\u00e5r stj\u00e4la min energi l\u00e4ngre&#8230;<\/p>\n<p>Hoppas p\u00e5 ett friskare nytt 2022 f\u00f6r alla!<br \/>\nEtt mer &#8220;normalt&#8221; \u00e5r p\u00e5 flera s\u00e4tt!<\/p>\n<div id=\"attachment_3651\" style=\"width: 650px\" class=\"wp-caption aligncenter\"><a href=\"https:\/\/themptander.com\/wp-content\/uploads\/2021\/10\/img202110131724176769333544113964158-scaled.jpg\"><img loading=\"lazy\" decoding=\"async\" aria-describedby=\"caption-attachment-3651\" class=\"wp-image-3651 size-large\" src=\"https:\/\/themptander.com\/wp-content\/uploads\/2021\/10\/img202110131724176769333544113964158-1024x768.jpg\" alt=\"\" width=\"640\" height=\"480\" srcset=\"https:\/\/themptander.com\/wp-content\/uploads\/2021\/10\/img202110131724176769333544113964158-1024x768.jpg 1024w, https:\/\/themptander.com\/wp-content\/uploads\/2021\/10\/img202110131724176769333544113964158-300x225.jpg 300w\" sizes=\"auto, (max-width: 640px) 100vw, 640px\" \/><\/a><p id=\"caption-attachment-3651\" class=\"wp-caption-text\">Solen g\u00e5r ner f\u00f6r 2021 och upp f\u00f6r 2022<\/p><\/div>\n","protected":false},"excerpt":{"rendered":"<p>Ja, eller vad ska man s\u00e4ga. Nytt \u00e5r kommer vare sig jag vill eller inte, nya utmaningar blir det alltid med framtiden. Sedan \u00e4r det stora f\u00f6r\u00e4ndringar p\u00e5 v\u00e4g, igen. Har tydligen sv\u00e5rt komma till ro p\u00e5 jobbet, b\u00f6rjar undra &hellip; <a href=\"https:\/\/themptander.com\/?p=3749\">Continue reading <span class=\"meta-nav\">&rarr;<\/span><\/a><\/p>\n","protected":false},"author":1,"featured_media":3651,"comment_status":"open","ping_status":"open","sticky":false,"template":"","format":"standard","meta":{"jetpack_post_was_ever_published":false,"_jetpack_newsletter_access":"","_jetpack_dont_email_post_to_subs":false,"_jetpack_newsletter_tier_id":0,"_jetpack_memberships_contains_paywalled_content":false,"_jetpack_memberships_contains_paid_content":false,"footnotes":""},"categories":[4,644,211,1],"tags":[538,402,965,267,966],"class_list":["post-3749","post","type-post","status-publish","format-standard","has-post-thumbnail","hentry","category-blogg","category-jobb","category-livet","category-uncategorized","tag-corona","tag-forandring","tag-nyar","tag-trott","tag-utmaningar"],"jetpack_featured_media_url":"https:\/\/themptander.com\/wp-content\/uploads\/2021\/10\/img202110131724176769333544113964158-scaled.jpg","jetpack_likes_enabled":true,"jetpack_sharing_enabled":true,"_links":{"self":[{"href":"https:\/\/themptander.com\/index.php?rest_route=\/wp\/v2\/posts\/3749","targetHints":{"allow":["GET"]}}],"collection":[{"href":"https:\/\/themptander.com\/index.php?rest_route=\/wp\/v2\/posts"}],"about":[{"href":"https:\/\/themptander.com\/index.php?rest_route=\/wp\/v2\/types\/post"}],"author":[{"embeddable":true,"href":"https:\/\/themptander.com\/index.php?rest_route=\/wp\/v2\/users\/1"}],"replies":[{"embeddable":true,"href":"https:\/\/themptander.com\/index.php?rest_route=%2Fwp%2Fv2%2Fcomments&post=3749"}],"version-history":[{"count":2,"href":"https:\/\/themptander.com\/index.php?rest_route=\/wp\/v2\/posts\/3749\/revisions"}],"predecessor-version":[{"id":3751,"href":"https:\/\/themptander.com\/index.php?rest_route=\/wp\/v2\/posts\/3749\/revisions\/3751"}],"wp:featuredmedia":[{"embeddable":true,"href":"https:\/\/themptander.com\/index.php?rest_route=\/wp\/v2\/media\/3651"}],"wp:attachment":[{"href":"https:\/\/themptander.com\/index.php?rest_route=%2Fwp%2Fv2%2Fmedia&parent=3749"}],"wp:term":[{"taxonomy":"category","embeddable":true,"href":"https:\/\/themptander.com\/index.php?rest_route=%2Fwp%2Fv2%2Fcategories&post=3749"},{"taxonomy":"post_tag","embeddable":true,"href":"https:\/\/themptander.com\/index.php?rest_route=%2Fwp%2Fv2%2Ftags&post=3749"}],"curies":[{"name":"wp","href":"https:\/\/api.w.org\/{rel}","templated":true}]}}