{"id":3125,"date":"2021-07-06T09:38:35","date_gmt":"2021-07-06T07:38:35","guid":{"rendered":"http:\/\/themptander.com\/?p=3125"},"modified":"2021-07-06T09:44:37","modified_gmt":"2021-07-06T07:44:37","slug":"fackligt-jobb-pa-kontoret","status":"publish","type":"post","link":"https:\/\/themptander.com\/?p=3125","title":{"rendered":"Fackligt jobb p\u00e5 kontoret"},"content":{"rendered":"<p>S\u00e5h\u00e4r sista veckan innan semestern l\u00e4mnar jag mitt vanliga objekt f\u00f6r att jobba fackligt en vecka. Dels tycker jag det \u00e4r kul med omv\u00e4xling.<br \/>\nSen beh\u00f6vs det lite t\u00e4ckning p\u00e5 kontoret n\u00e4r de ordinarie har semester.<br \/>\nPlus att jag har en del att fixa med inom mina omr\u00e5den som Skyddsombud.<\/p>\n<p>S\u00e5 det blir en del m\u00f6ten som planerats, n\u00e5gra som jag halkar in p\u00e5 och lite skrivarbete som beh\u00f6ver g\u00f6ras. Sen en del planering och t\u00e4nkande inf\u00f6r h\u00f6sten.<br \/>\nOch lite upps\u00f6kerier p\u00e5 arbetsplatser \u00e4r tanken, ska ocks\u00e5 bli intressant.<br \/>\nHar en del fundera p\u00e5 \u00f6ver framtiden.<br \/>\nB\u00e5de privat och jobbm\u00e4ssigt.<br \/>\nVad vill jag, vad klarar jag, vad kan jag och vad orkar jag faktiskt g\u00f6ra.<\/p>\n<p>Energin kommer och g\u00e5r, ibland k\u00e4nns det mest meningsl\u00f6st f\u00f6rs\u00f6ka orka k\u00e4mpa f\u00f6r att f\u00f6rb\u00e4ttra saker. K\u00e4nns som de som kan g\u00f6ra n\u00e5got vill att folk ska m\u00e5 d\u00e5ligt, d\u00e5 \u00e4r det v\u00e4ldigt sv\u00e5rt skapa en f\u00f6r\u00e4ndring.<\/p>\n<p>Men ska bli en kul vecka, prata med gamla kollegor, fika med chefen som \u00e4r en v\u00e4n och l\u00e4ra mig massa nytt och f\u00f6rdjupa andra kunskaper.<br \/>\nFinns alltid saker att g\u00f6ra, \u00f6nskar bara jag ans\u00e5g mig ha kompetensen g\u00f6ra det p\u00e5 r\u00e4tt och bra s\u00e4tt ocks\u00e5.<\/p>\n<div id=\"attachment_3127\" style=\"width: 586px\" class=\"wp-caption aligncenter\"><a href=\"https:\/\/themptander.com\/wp-content\/uploads\/2021\/07\/20210705_0815172356135003949237714-scaled.jpg\"><img loading=\"lazy\" decoding=\"async\" aria-describedby=\"caption-attachment-3127\" class=\"wp-image-3127 size-large\" src=\"https:\/\/themptander.com\/wp-content\/uploads\/2021\/07\/20210705_0815172356135003949237714-576x1024.jpg\" alt=\"\" width=\"576\" height=\"1024\" srcset=\"https:\/\/themptander.com\/wp-content\/uploads\/2021\/07\/20210705_0815172356135003949237714-576x1024.jpg 576w, https:\/\/themptander.com\/wp-content\/uploads\/2021\/07\/20210705_0815172356135003949237714-169x300.jpg 169w, https:\/\/themptander.com\/wp-content\/uploads\/2021\/07\/20210705_0815172356135003949237714-768x1365.jpg 768w, https:\/\/themptander.com\/wp-content\/uploads\/2021\/07\/20210705_0815172356135003949237714-864x1536.jpg 864w, https:\/\/themptander.com\/wp-content\/uploads\/2021\/07\/20210705_0815172356135003949237714-1152x2048.jpg 1152w, https:\/\/themptander.com\/wp-content\/uploads\/2021\/07\/20210705_0815172356135003949237714-scaled.jpg 1440w\" sizes=\"auto, (max-width: 576px) 100vw, 576px\" \/><\/a><p id=\"caption-attachment-3127\" class=\"wp-caption-text\">Ny kaffemugg f\u00f6r att vakna till f\u00f6r en veckas kontorsjobb<\/p><\/div>\n","protected":false},"excerpt":{"rendered":"<p>S\u00e5h\u00e4r sista veckan innan semestern l\u00e4mnar jag mitt vanliga objekt f\u00f6r att jobba fackligt en vecka. Dels tycker jag det \u00e4r kul med omv\u00e4xling. Sen beh\u00f6vs det lite t\u00e4ckning p\u00e5 kontoret n\u00e4r de ordinarie har semester. Plus att jag har &hellip; <a href=\"https:\/\/themptander.com\/?p=3125\">Continue reading <span class=\"meta-nav\">&rarr;<\/span><\/a><\/p>\n","protected":false},"author":1,"featured_media":3127,"comment_status":"open","ping_status":"open","sticky":false,"template":"","format":"standard","meta":{"jetpack_post_was_ever_published":false,"_jetpack_newsletter_access":"","_jetpack_dont_email_post_to_subs":false,"_jetpack_newsletter_tier_id":0,"_jetpack_memberships_contains_paywalled_content":false,"_jetpack_memberships_contains_paid_content":false,"footnotes":""},"categories":[4,644],"tags":[403,160,940,743,637,226],"class_list":["post-3125","post","type-post","status-publish","format-standard","has-post-thumbnail","hentry","category-blogg","category-jobb","tag-fackligt","tag-jobb","tag-kontor","tag-lara","tag-prata","tag-tanka"],"jetpack_featured_media_url":"https:\/\/themptander.com\/wp-content\/uploads\/2021\/07\/20210705_0815172356135003949237714-scaled.jpg","jetpack_likes_enabled":true,"jetpack_sharing_enabled":true,"_links":{"self":[{"href":"https:\/\/themptander.com\/index.php?rest_route=\/wp\/v2\/posts\/3125","targetHints":{"allow":["GET"]}}],"collection":[{"href":"https:\/\/themptander.com\/index.php?rest_route=\/wp\/v2\/posts"}],"about":[{"href":"https:\/\/themptander.com\/index.php?rest_route=\/wp\/v2\/types\/post"}],"author":[{"embeddable":true,"href":"https:\/\/themptander.com\/index.php?rest_route=\/wp\/v2\/users\/1"}],"replies":[{"embeddable":true,"href":"https:\/\/themptander.com\/index.php?rest_route=%2Fwp%2Fv2%2Fcomments&post=3125"}],"version-history":[{"count":2,"href":"https:\/\/themptander.com\/index.php?rest_route=\/wp\/v2\/posts\/3125\/revisions"}],"predecessor-version":[{"id":3131,"href":"https:\/\/themptander.com\/index.php?rest_route=\/wp\/v2\/posts\/3125\/revisions\/3131"}],"wp:featuredmedia":[{"embeddable":true,"href":"https:\/\/themptander.com\/index.php?rest_route=\/wp\/v2\/media\/3127"}],"wp:attachment":[{"href":"https:\/\/themptander.com\/index.php?rest_route=%2Fwp%2Fv2%2Fmedia&parent=3125"}],"wp:term":[{"taxonomy":"category","embeddable":true,"href":"https:\/\/themptander.com\/index.php?rest_route=%2Fwp%2Fv2%2Fcategories&post=3125"},{"taxonomy":"post_tag","embeddable":true,"href":"https:\/\/themptander.com\/index.php?rest_route=%2Fwp%2Fv2%2Ftags&post=3125"}],"curies":[{"name":"wp","href":"https:\/\/api.w.org\/{rel}","templated":true}]}}