{"id":3121,"date":"2021-08-01T11:54:07","date_gmt":"2021-08-01T09:54:07","guid":{"rendered":"http:\/\/themptander.com\/?p=3121"},"modified":"2021-08-01T11:54:07","modified_gmt":"2021-08-01T09:54:07","slug":"ratt-att-byta-ut-billborn","status":"publish","type":"post","link":"https:\/\/themptander.com\/?p=3121","title":{"rendered":"R\u00e4tt att byta ut Billborn"},"content":{"rendered":"<p>Jag m\u00e5 anses galen f\u00f6r detta men jag \u00e4r inte ensam, jag kan dock ha varit det fr\u00e5n b\u00f6rjan f\u00f6r jag har tyckt det r\u00e4tt l\u00e4nge.<br \/>\nJag tycker det \u00e4r helt r\u00e4tt av Hammarby att byta ut Stefan Billborn trots det underbara Cup-guldet.<\/p>\n<p>Han \u00e4r en fruktansv\u00e4rt bra tr\u00e4nare. Ingen tvekan om den saken.<br \/>\nMen&#8230;<br \/>\nHan \u00e4r en av de s\u00e4msta matchcoacher jag har sett. Han kan inte (eller v\u00e4grar) \u00e4ndra spels\u00e4tt under en match, anpassa sig till motst\u00e5ndarnas f\u00f6r\u00e4ndringar eller skifta m\u00f6nster under en match. Mer eller mindre tydligt alla matcher d\u00e4r Bajen inte dominerat fr\u00e5n start till slut.<\/p>\n<p>D\u00e4rf\u00f6r anser jag det beh\u00f6vs en f\u00f6r\u00e4ndring. F\u00f6r att ta n\u00e4sta steg om Bajen nu kan och vill det s\u00e5 m\u00e5ste man ha en tr\u00e4nare som kan \u00e4ndra spels\u00e4tt\/matchbild under match.<br \/>\nInte f\u00f6r att man ska anpassa sig till motst\u00e5ndarna men man m\u00e5ste kunna f\u00f6r\u00e4ndra saker n\u00e4r man m\u00e4rker att det inte fungerar.<\/p>\n<div id=\"attachment_3081\" style=\"width: 650px\" class=\"wp-caption aligncenter\"><img loading=\"lazy\" decoding=\"async\" aria-describedby=\"caption-attachment-3081\" class=\"wp-image-3081 size-large\" src=\"https:\/\/themptander.com\/wp-content\/uploads\/2021\/06\/20210530_172907-1024x576.jpg\" alt=\"\" width=\"640\" height=\"360\" srcset=\"https:\/\/themptander.com\/wp-content\/uploads\/2021\/06\/20210530_172907-1024x576.jpg 1024w, https:\/\/themptander.com\/wp-content\/uploads\/2021\/06\/20210530_172907-300x169.jpg 300w, https:\/\/themptander.com\/wp-content\/uploads\/2021\/06\/20210530_172907-768x432.jpg 768w, https:\/\/themptander.com\/wp-content\/uploads\/2021\/06\/20210530_172907-1536x864.jpg 1536w, https:\/\/themptander.com\/wp-content\/uploads\/2021\/06\/20210530_172907-2048x1152.jpg 2048w\" sizes=\"auto, (max-width: 640px) 100vw, 640px\" \/><p id=\"caption-attachment-3081\" class=\"wp-caption-text\">Oerh\u00f6rt glad Billborn efter cupguldet, jag \u00e4r evigt tacksam f\u00f6r det<\/p><\/div>\n<p>Huruvida Milos kommer kunna det vet jag inte. Efter en match \u00e4r det f\u00f6r tidigt att s\u00e4ga n\u00e5got. Han har dock ett helt annat kroppsspr\u00e5k under match, dock beh\u00f6ver det inte betyda att man \u00e4r en b\u00e4ttre matchcoach f\u00f6r att man st\u00e5r vid sidlinjen och skriker under match eller sitter och f\u00f6r anteckningar. Det f\u00e5r framtiden utvisa.<\/p>\n<p>&nbsp;<\/p>\n<p>Jag anser att spelarmaterialet finns, om \u00e4n inte f\u00f6r guld s\u00e5 i alla fall f\u00f6r en topplacering.<br \/>\nBacklinjen har lite fr\u00e5getecken som f\u00f6rhoppningsvis Paulsen kan r\u00e4ta ut \u00e4ven om jag inte gillar Fjolusons m\u00e4rkliga korta passningar som g\u00e5r fel, de kommer ett par g\u00e5nger per match. I \u00f6vrigt \u00e4r han en mycket bra mittback. Paulsen \u00e4r en fighter och en ledare och\u00a0 det har saknats \u00e4ven om Selmani till viss del \u00e4r en bra p\u00e5hejare.<br \/>\nMittf\u00e4ltet \u00e4r mycket bra n\u00e4r alla \u00e4r hela och p\u00e5 hum\u00f6r, dock \u00e4r det d\u00e4r hum\u00f6ret lite v\u00e4l svajigt emellan\u00e5t. Men jag anser att det finns d\u00e4r, dock beh\u00f6ver n\u00e5gon samla ihop truppen och f\u00e5 den att k\u00e4mpa och samma h\u00e5ll.<\/p>\n<p>Jag hoppas att Milos \u00e4r mannen som g\u00f6r det.<br \/>\nJag hoppas \u00e4ven att publiktrycket som nu kommer tillbaka till arenorna kommer hj\u00e4lpa spelarna och inte ge dem skr\u00e4mselhicka. M\u00e5nga \u00e4r inte vana vid det, positivt tryck l\u00e4r lyfta dem men n\u00e4r saker inte lossnar m\u00e5ste psyket att st\u00e5 emot finnas d\u00e4r.<br \/>\nDet \u00e5terst\u00e5r att se om det g\u00f6r det.<\/p>\n<p>Efter ett par matcher under Milos h\u00e5ller fler med mig, beror f\u00f6rmodligen mer p\u00e5 att vi vunnit \u00e4n p\u00e5 hur Milos agerat men jag \u00e4r inte ensam.<br \/>\nMilos \u00e4r betydligt mer matchcoach, inte bara f\u00f6r att han hoppar vid sidlinjen utan f\u00f6r att han mycket tydligt g\u00f6r f\u00f6r\u00e4ndringar n\u00e4r spelet inte fungerar.<br \/>\nHan gjorde i senaste matchen ett byte redan i halvtid, Aziz fungerade inte f\u00f6r dagen och byttes ut samt spels\u00e4ttet \u00e4ndrades en del.<\/p>\n<p>Han har gjort liknande f\u00f6r\u00e4ndringar i flera matcher. Jag gillar det jag ser \u00e4ven om jag inte alltid h\u00e5ller med om vilka spelare som borde spela.<br \/>\nMen att v\u00e5ga och kunna g\u00f6ra s\u00e5na f\u00f6r\u00e4ndringar under match \u00e4r oerh\u00f6rt viktigt om man vill n\u00e5 framg\u00e5ng vilket s\u00e5klart Bajen vill.<br \/>\nF\u00f6rsvaret har blivit mycket stabilare, inte riktigt s\u00e4ker p\u00e5 varf\u00f6r men det \u00e4r stabilare och det har varit oerh\u00f6rt viktigt.<br \/>\nBlir intressant se vad han g\u00f6r fram\u00f6ver.<\/p>\n<p>*Till\u00e4ggas ska att jag b\u00f6rjade skriva detta inl\u00e4gg bara en vecka efter cupfinalen men annat kom emellan en publicering.<\/p>\n<div id=\"attachment_3316\" style=\"width: 650px\" class=\"wp-caption aligncenter\"><a href=\"https:\/\/themptander.com\/wp-content\/uploads\/2021\/08\/DSC_0793-scaled.jpg\"><img loading=\"lazy\" decoding=\"async\" aria-describedby=\"caption-attachment-3316\" class=\"wp-image-3316 size-large\" src=\"https:\/\/themptander.com\/wp-content\/uploads\/2021\/08\/DSC_0793-1024x680.jpg\" alt=\"\" width=\"640\" height=\"425\" srcset=\"https:\/\/themptander.com\/wp-content\/uploads\/2021\/08\/DSC_0793-1024x680.jpg 1024w, https:\/\/themptander.com\/wp-content\/uploads\/2021\/08\/DSC_0793-300x199.jpg 300w, https:\/\/themptander.com\/wp-content\/uploads\/2021\/08\/DSC_0793-768x510.jpg 768w, https:\/\/themptander.com\/wp-content\/uploads\/2021\/08\/DSC_0793-1536x1020.jpg 1536w, https:\/\/themptander.com\/wp-content\/uploads\/2021\/08\/DSC_0793-2048x1360.jpg 2048w\" sizes=\"auto, (max-width: 640px) 100vw, 640px\" \/><\/a><p id=\"caption-attachment-3316\" class=\"wp-caption-text\">En aktiv Milos vid sidlinjen<\/p><\/div>\n","protected":false},"excerpt":{"rendered":"<p>Jag m\u00e5 anses galen f\u00f6r detta men jag \u00e4r inte ensam, jag kan dock ha varit det fr\u00e5n b\u00f6rjan f\u00f6r jag har tyckt det r\u00e4tt l\u00e4nge. Jag tycker det \u00e4r helt r\u00e4tt av Hammarby att byta ut Stefan Billborn trots &hellip; <a href=\"https:\/\/themptander.com\/?p=3121\">Continue reading <span class=\"meta-nav\">&rarr;<\/span><\/a><\/p>\n","protected":false},"author":1,"featured_media":3316,"comment_status":"open","ping_status":"open","sticky":false,"template":"","format":"standard","meta":{"jetpack_post_was_ever_published":false,"_jetpack_newsletter_access":"","_jetpack_dont_email_post_to_subs":false,"_jetpack_newsletter_tier_id":0,"_jetpack_memberships_contains_paywalled_content":false,"_jetpack_memberships_contains_paid_content":false,"footnotes":""},"categories":[11,4,10,21,5],"tags":[941,759,115,942,895,944,121,151,943],"class_list":["post-3121","post","type-post","status-publish","format-standard","has-post-thumbnail","hentry","category-allsvenskan","category-blogg","category-fotboll","category-hammarby","category-sport","tag-billborn","tag-byte","tag-hammarby","tag-milos","tag-publik","tag-publiktryck","tag-ratt","tag-tranare","tag-trupp"],"jetpack_featured_media_url":"https:\/\/themptander.com\/wp-content\/uploads\/2021\/08\/DSC_0793-scaled.jpg","jetpack_likes_enabled":true,"jetpack_sharing_enabled":true,"_links":{"self":[{"href":"https:\/\/themptander.com\/index.php?rest_route=\/wp\/v2\/posts\/3121","targetHints":{"allow":["GET"]}}],"collection":[{"href":"https:\/\/themptander.com\/index.php?rest_route=\/wp\/v2\/posts"}],"about":[{"href":"https:\/\/themptander.com\/index.php?rest_route=\/wp\/v2\/types\/post"}],"author":[{"embeddable":true,"href":"https:\/\/themptander.com\/index.php?rest_route=\/wp\/v2\/users\/1"}],"replies":[{"embeddable":true,"href":"https:\/\/themptander.com\/index.php?rest_route=%2Fwp%2Fv2%2Fcomments&post=3121"}],"version-history":[{"count":4,"href":"https:\/\/themptander.com\/index.php?rest_route=\/wp\/v2\/posts\/3121\/revisions"}],"predecessor-version":[{"id":3317,"href":"https:\/\/themptander.com\/index.php?rest_route=\/wp\/v2\/posts\/3121\/revisions\/3317"}],"wp:featuredmedia":[{"embeddable":true,"href":"https:\/\/themptander.com\/index.php?rest_route=\/wp\/v2\/media\/3316"}],"wp:attachment":[{"href":"https:\/\/themptander.com\/index.php?rest_route=%2Fwp%2Fv2%2Fmedia&parent=3121"}],"wp:term":[{"taxonomy":"category","embeddable":true,"href":"https:\/\/themptander.com\/index.php?rest_route=%2Fwp%2Fv2%2Fcategories&post=3121"},{"taxonomy":"post_tag","embeddable":true,"href":"https:\/\/themptander.com\/index.php?rest_route=%2Fwp%2Fv2%2Ftags&post=3121"}],"curies":[{"name":"wp","href":"https:\/\/api.w.org\/{rel}","templated":true}]}}