{"id":2363,"date":"2020-08-28T05:36:55","date_gmt":"2020-08-28T03:36:55","guid":{"rendered":"http:\/\/themptander.com\/?p=2363"},"modified":"2020-08-28T05:37:24","modified_gmt":"2020-08-28T03:37:24","slug":"motivation-ansvar-for-sitt-eget-liv","status":"publish","type":"post","link":"https:\/\/themptander.com\/?p=2363","title":{"rendered":"Motivation &#8211; Ansvar f\u00f6r sitt eget liv"},"content":{"rendered":"<p>Du kan g\u00f6ra mycket av vilja men f\u00f6r att saker ska h\u00e5lla i l\u00e4ngden m\u00e5ste man ha motivation. Det m\u00e5ste finnas en inre drivkraft som g\u00f6r att man genomf\u00f6r saker \u00e4ven n\u00e4r det \u00e4r tungt och b\u00e4r emot. Du m\u00e5ste k\u00e4nna att du g\u00f6r sakerna f\u00f6r din egen skull och av din egen vilja, inte av tv\u00e5ng.<\/p>\n<p>Ingen annan kan f\u00e5 dig att g\u00f6ra saker du sj\u00e4lv inte k\u00e4nner att du orkar i l\u00e4ngden.<br \/>\nDet g\u00e5r att bli st\u00f6ttad och pushad av v\u00e4nner och s\u00e5 men i l\u00e4ngden m\u00e5ste man vilja g\u00f6ra det sj\u00e4lv f\u00f6r att det ska genomf\u00f6ras i l\u00e4ngden.<\/p>\n<p>N\u00e4r jag m\u00e5r bra har jag l\u00e4ttare att g\u00f6ra saker jag borde och vill.<br \/>\nJu s\u00e4mre jag m\u00e5r desto sv\u00e5rare \u00e4r det att orka tvinga sig att genomf\u00f6ra saker.<br \/>\nSaker jag m\u00e5r b\u00e4ttre av och egentligen vill men n\u00e4r jag saknar mer och mer energi blir det helt enkelt sv\u00e5rare att faktiskt g\u00f6ra sakerna \u00e4nd\u00e5.<\/p>\n<p>I de fallen har jag stor hj\u00e4lp av mina v\u00e4nner som kan peppa och pusha lite f\u00f6r att jag ska ta mig igenom de tyngre perioderna.<br \/>\nDe som orkar \u00e4r jag oerh\u00f6rt tacksam f\u00f6r\/mot \ud83d\ude42<br \/>\nSamtidigt varken vill eller ska jag l\u00e4gga det &#8220;ansvaret&#8221; p\u00e5 n\u00e5gon annan. Det \u00e4r jag som har ansvar f\u00f6r mitt eget liv, jag som vill och b\u00f6r g\u00f6ra saker och jag som m\u00e5r b\u00e4ttre av att f\u00e5 dem gjorda.<\/p>\n<p>S\u00e5 nu ska jag \u00e4gna n\u00e5gra dagar \u00e5t att samla ihop mig sj\u00e4lv och mina tankar.<br \/>\nLeta inom mig vad jag beh\u00f6ver f\u00f6r motivation, bolla lite id\u00e9er och m\u00e5ls\u00e4ttningar med duktiga och sn\u00e4lla v\u00e4nner.<\/p>\n<p>Vad jag beh\u00f6ver f\u00f6r att motivera mig, hur jag ska uppn\u00e5 det och sedan vad jag ska ha f\u00f6r m\u00e5ls\u00e4ttningar p\u00e5 olika delar av mitt liv.<br \/>\nOch sedan d\u00e5 t\u00e4nka ut vad som kr\u00e4vs av mig f\u00f6r att uppn\u00e5 dessa m\u00e5l och om jag \u00e4r beredd att offra det som kr\u00e4vs f\u00f6r att n\u00e5 dit jag vill och b\u00f6r ta mig!<\/p>\n<p>Tips och r\u00e5d mottages tacksamt<\/p>\n<p><a href=\"https:\/\/themptander.com\/wp-content\/uploads\/2020\/06\/20200607_2150046733239517269746059-scaled.jpg\"><img loading=\"lazy\" decoding=\"async\" class=\"aligncenter size-large wp-image-2179\" src=\"https:\/\/themptander.com\/wp-content\/uploads\/2020\/06\/20200607_2150046733239517269746059-1024x768.jpg\" alt=\"\" width=\"640\" height=\"480\" srcset=\"https:\/\/themptander.com\/wp-content\/uploads\/2020\/06\/20200607_2150046733239517269746059-1024x768.jpg 1024w, https:\/\/themptander.com\/wp-content\/uploads\/2020\/06\/20200607_2150046733239517269746059-300x225.jpg 300w, https:\/\/themptander.com\/wp-content\/uploads\/2020\/06\/20200607_2150046733239517269746059-768x576.jpg 768w, https:\/\/themptander.com\/wp-content\/uploads\/2020\/06\/20200607_2150046733239517269746059-1536x1152.jpg 1536w, https:\/\/themptander.com\/wp-content\/uploads\/2020\/06\/20200607_2150046733239517269746059-2048x1536.jpg 2048w\" sizes=\"auto, (max-width: 640px) 100vw, 640px\" \/><\/a><\/p>\n","protected":false},"excerpt":{"rendered":"<p>Du kan g\u00f6ra mycket av vilja men f\u00f6r att saker ska h\u00e5lla i l\u00e4ngden m\u00e5ste man ha motivation. Det m\u00e5ste finnas en inre drivkraft som g\u00f6r att man genomf\u00f6r saker \u00e4ven n\u00e4r det \u00e4r tungt och b\u00e4r emot. Du m\u00e5ste &hellip; <a href=\"https:\/\/themptander.com\/?p=2363\">Continue reading <span class=\"meta-nav\">&rarr;<\/span><\/a><\/p>\n","protected":false},"author":1,"featured_media":0,"comment_status":"open","ping_status":"open","sticky":false,"template":"","format":"standard","meta":{"jetpack_post_was_ever_published":false,"_jetpack_newsletter_access":"","_jetpack_dont_email_post_to_subs":false,"_jetpack_newsletter_tier_id":0,"_jetpack_memberships_contains_paywalled_content":false,"_jetpack_memberships_contains_paid_content":false,"footnotes":""},"categories":[4,211],"tags":[600,853,406,852,127,119],"class_list":["post-2363","post","type-post","status-publish","format-standard","hentry","category-blogg","category-livet","tag-ansvar","tag-eget-liv","tag-motivation","tag-pepp","tag-stod","tag-vanner"],"jetpack_featured_media_url":"","jetpack_likes_enabled":true,"jetpack_sharing_enabled":true,"_links":{"self":[{"href":"https:\/\/themptander.com\/index.php?rest_route=\/wp\/v2\/posts\/2363","targetHints":{"allow":["GET"]}}],"collection":[{"href":"https:\/\/themptander.com\/index.php?rest_route=\/wp\/v2\/posts"}],"about":[{"href":"https:\/\/themptander.com\/index.php?rest_route=\/wp\/v2\/types\/post"}],"author":[{"embeddable":true,"href":"https:\/\/themptander.com\/index.php?rest_route=\/wp\/v2\/users\/1"}],"replies":[{"embeddable":true,"href":"https:\/\/themptander.com\/index.php?rest_route=%2Fwp%2Fv2%2Fcomments&post=2363"}],"version-history":[{"count":5,"href":"https:\/\/themptander.com\/index.php?rest_route=\/wp\/v2\/posts\/2363\/revisions"}],"predecessor-version":[{"id":2382,"href":"https:\/\/themptander.com\/index.php?rest_route=\/wp\/v2\/posts\/2363\/revisions\/2382"}],"wp:attachment":[{"href":"https:\/\/themptander.com\/index.php?rest_route=%2Fwp%2Fv2%2Fmedia&parent=2363"}],"wp:term":[{"taxonomy":"category","embeddable":true,"href":"https:\/\/themptander.com\/index.php?rest_route=%2Fwp%2Fv2%2Fcategories&post=2363"},{"taxonomy":"post_tag","embeddable":true,"href":"https:\/\/themptander.com\/index.php?rest_route=%2Fwp%2Fv2%2Ftags&post=2363"}],"curies":[{"name":"wp","href":"https:\/\/api.w.org\/{rel}","templated":true}]}}