{"id":1918,"date":"2020-04-26T16:40:26","date_gmt":"2020-04-26T14:40:26","guid":{"rendered":"http:\/\/themptander.com\/?p=1918"},"modified":"2020-04-26T16:40:26","modified_gmt":"2020-04-26T14:40:26","slug":"nostalgi-och-tankar","status":"publish","type":"post","link":"https:\/\/themptander.com\/?p=1918","title":{"rendered":"Nostalgi och tankar"},"content":{"rendered":"<p>Forts\u00e4tter nostalgi\u00e5tert\u00e5get med fotbolls VM fr\u00e5n 94.<br \/>\nJ\u00e4ttekul att SVT s\u00e4nder alla Sveriges matcher \u00e4ven om jag g\u00e4rna sett \u00e4ven de andra l\u00e4ndernas. Jag vet att jag s\u00e5g en del av det m\u00e4sterskapet n\u00e4r det var men jag kommer inte ih\u00e5g vilka matcher s\u00e5 det \u00e4r kul se igen. Dessutom \u00e4r minnena n\u00e5got vaga s\u00e5 h\u00e4r 26\u00e5r senare.<\/p>\n<p>Lite bitterljuvt se Ingesson som s\u00e5 tragiskt gick bort i sjukdom f\u00f6r n\u00e5gra \u00e5r sen.<br \/>\nMen desto roligare se min favorit Brolin n\u00e4r han sl\u00e5r igenom, Blomqvist som jag alltid gillat och att se Dahlin och Andersson p\u00e5 topp n\u00e4r de var som b\u00e4st. Patrik Andersson i backlinjen \u00e4r grym men kommer bli \u00e4nnu b\u00e4ttre.<\/p>\n<p><a href=\"https:\/\/themptander.com\/wp-content\/uploads\/2020\/04\/20200426_1601008512270010689555319-scaled.jpg\"><img loading=\"lazy\" decoding=\"async\" class=\"aligncenter wp-image-1920 size-large\" src=\"https:\/\/themptander.com\/wp-content\/uploads\/2020\/04\/20200426_1601008512270010689555319-scaled-e1587911890663-1024x774.jpg\" alt=\"\" width=\"640\" height=\"484\" srcset=\"https:\/\/themptander.com\/wp-content\/uploads\/2020\/04\/20200426_1601008512270010689555319-scaled-e1587911890663-1024x774.jpg 1024w, https:\/\/themptander.com\/wp-content\/uploads\/2020\/04\/20200426_1601008512270010689555319-scaled-e1587911890663-300x227.jpg 300w, https:\/\/themptander.com\/wp-content\/uploads\/2020\/04\/20200426_1601008512270010689555319-scaled-e1587911890663-768x581.jpg 768w, https:\/\/themptander.com\/wp-content\/uploads\/2020\/04\/20200426_1601008512270010689555319-scaled-e1587911890663-1536x1162.jpg 1536w, https:\/\/themptander.com\/wp-content\/uploads\/2020\/04\/20200426_1601008512270010689555319-scaled-e1587911890663.jpg 1920w\" sizes=\"auto, (max-width: 640px) 100vw, 640px\" \/><\/a><\/p>\n<p>S\u00e5 det \u00e4r ju en f\u00f6rdel n\u00e4r jag \u00e4r mer eller mindre f\u00f6rvisad till hemmet och mina egna tankar. T\u00e4nker lite f\u00f6r mycket p\u00e5 vad som h\u00e4nt senaste m\u00e5naderna p\u00e5 flera plan.<br \/>\nHur jag ska hantera det.<br \/>\nR\u00e4tt nyttigt har det varit till stor del, kommit fram till en del bra grejer, tror jag iallafall.<br \/>\nMen inte allt \u00e4r bra, f\u00f6r mycket tankar i inte helt sj\u00e4lvvald ensamhet kan ge negativ spinn.<br \/>\nMen hoppas det ska v\u00e4nda snart helt enkelt, n\u00e4r den f\u00f6rbannade hostan ger sig s\u00e5 jag kan tr\u00e4ffa folk p\u00e5 rekommenderat avst\u00e5nd eller iallafall prata med folk igen \ud83d\ude42<\/p>\n<p>K\u00e4nner mig konstigt behandlad av flera som ska vara mina v\u00e4nner. Men det \u00e4r v\u00e4l s\u00e5 det \u00e4r helt enkelt, man l\u00e4r sig vilka som \u00e4r ens riktiga v\u00e4nner genom vad som g\u00f6rs, inte vad som s\u00e4gs. Handling s\u00e5 mycket viktigare \u00e4n ord och s\u00e5 lite kan betyda s\u00e5 mycket.<\/p>\n<p>Brutna l\u00f6ften \u00e4r bland det v\u00e4rsta jag vet, ge inte ett l\u00f6fte ni inte t\u00e4nker h\u00e5lla.<br \/>\nS\u00e5 enkelt \u00e4r det i min v\u00e4rld. Lite svart och vitt men va tusan, b\u00e4ttre s\u00e4ga man ska f\u00f6rs\u00f6ka d\u00e5 \u00e4n att lova det om man inte \u00e4r s\u00e4ker p\u00e5 att man kan\/t\u00e4nker genomf\u00f6ra det.<\/p>\n","protected":false},"excerpt":{"rendered":"<p>Forts\u00e4tter nostalgi\u00e5tert\u00e5get med fotbolls VM fr\u00e5n 94. J\u00e4ttekul att SVT s\u00e4nder alla Sveriges matcher \u00e4ven om jag g\u00e4rna sett \u00e4ven de andra l\u00e4ndernas. Jag vet att jag s\u00e5g en del av det m\u00e4sterskapet n\u00e4r det var men jag kommer inte &hellip; <a href=\"https:\/\/themptander.com\/?p=1918\">Continue reading <span class=\"meta-nav\">&rarr;<\/span><\/a><\/p>\n","protected":false},"author":1,"featured_media":0,"comment_status":"open","ping_status":"open","sticky":false,"template":"","format":"standard","meta":{"jetpack_post_was_ever_published":false,"_jetpack_newsletter_access":"","_jetpack_dont_email_post_to_subs":false,"_jetpack_newsletter_tier_id":0,"_jetpack_memberships_contains_paywalled_content":false,"_jetpack_memberships_contains_paid_content":false,"footnotes":""},"categories":[4,10,211,5],"tags":[634,636,113,624,639,638,632,637,635,353,108,119,633],"class_list":["post-1918","post","type-post","status-publish","format-standard","hentry","category-blogg","category-fotboll","category-livet","category-sport","tag-brolin","tag-dahlin","tag-fotboll","tag-hosta","tag-ingesson","tag-loften","tag-nostalgi","tag-prata","tag-ravelli","tag-social","tag-tankar","tag-vanner","tag-vm-94"],"jetpack_featured_media_url":"","jetpack_likes_enabled":true,"jetpack_sharing_enabled":true,"_links":{"self":[{"href":"https:\/\/themptander.com\/index.php?rest_route=\/wp\/v2\/posts\/1918","targetHints":{"allow":["GET"]}}],"collection":[{"href":"https:\/\/themptander.com\/index.php?rest_route=\/wp\/v2\/posts"}],"about":[{"href":"https:\/\/themptander.com\/index.php?rest_route=\/wp\/v2\/types\/post"}],"author":[{"embeddable":true,"href":"https:\/\/themptander.com\/index.php?rest_route=\/wp\/v2\/users\/1"}],"replies":[{"embeddable":true,"href":"https:\/\/themptander.com\/index.php?rest_route=%2Fwp%2Fv2%2Fcomments&post=1918"}],"version-history":[{"count":2,"href":"https:\/\/themptander.com\/index.php?rest_route=\/wp\/v2\/posts\/1918\/revisions"}],"predecessor-version":[{"id":1923,"href":"https:\/\/themptander.com\/index.php?rest_route=\/wp\/v2\/posts\/1918\/revisions\/1923"}],"wp:attachment":[{"href":"https:\/\/themptander.com\/index.php?rest_route=%2Fwp%2Fv2%2Fmedia&parent=1918"}],"wp:term":[{"taxonomy":"category","embeddable":true,"href":"https:\/\/themptander.com\/index.php?rest_route=%2Fwp%2Fv2%2Fcategories&post=1918"},{"taxonomy":"post_tag","embeddable":true,"href":"https:\/\/themptander.com\/index.php?rest_route=%2Fwp%2Fv2%2Ftags&post=1918"}],"curies":[{"name":"wp","href":"https:\/\/api.w.org\/{rel}","templated":true}]}}