{"id":1910,"date":"2020-07-10T05:25:55","date_gmt":"2020-07-10T03:25:55","guid":{"rendered":"http:\/\/themptander.com\/?p=1910"},"modified":"2020-07-10T05:25:55","modified_gmt":"2020-07-10T03:25:55","slug":"nej-tack-till-zlatan-i-hammarby","status":"publish","type":"post","link":"https:\/\/themptander.com\/?p=1910","title":{"rendered":"Nej tack till Zlatan i Hammarby"},"content":{"rendered":"<p>Jag vet att jag \u00e4r r\u00e4tt ensam om \u00e5sikten.<br \/>\nOch skulle jag uttrycka den i vissa grupper p\u00e5 Facebook skulle jag f\u00f6rmodligen f\u00e5 hatbrev, bli lynchad eller utkickad fr\u00e5n grupperna och blockad.<\/p>\n<p>Men det spelar ingen roll. F\u00f6r jag h\u00e5ller fast vid den \u00e5sikten jag haft m\u00e5nga \u00e5r, redan n\u00e4r jag var emot Zlatan i landslaget. Det var m\u00e5nga g\u00e5nger jag blev totalt idiotf\u00f6rklarad av folk d\u00e5. Och m\u00e5nga hade v\u00e4ldigt sv\u00e5rt att ens lyssna p\u00e5 argument.<\/p>\n<p>Varf\u00f6r \u00e4r jag d\u00e5 emot att Zlatan skulle spela i Hammarby.<br \/>\nHan \u00e4r en av Sveriges b\u00e4sta spelare genom tiderna, utan tvekan. Han kan avg\u00f6ra matcher p\u00e5 egen hand eller kunde iallafall. Nu \u00e4r det lite sv\u00e5rt veta med hans status och \u00e5lder.<br \/>\nProblemet \u00e4r inte hans talang, problemet som jag ser det \u00e4r samma som n\u00e4r jag inte ville ha honom i Svenska landslaget heller.<\/p>\n<p>Han tar lagspelet ifr\u00e5n laget. Han gjorde det i landslaget, alla bollar beh\u00f6vde passera honom i varje uppspel. Det gjorde att saker fokuserades p\u00e5 honom ist\u00e4llet f\u00f6r matchen. Det gjorde landslaget s\u00e4mre oavsett hur bra han sj\u00e4lv var\/\u00e4r.<br \/>\nDet skulle troligen bli detsamma om han spelade i Bajen, att allt fokuseras p\u00e5 att ge honom bollen antingen f\u00f6r avslut eller uppspel och det fungerar inte i allsvenskan heller.<\/p>\n<p>S\u00e5 nej, jag vill verkligen inte ha honom som spelare i Bajen, tror till och med jag skrev det i blogginl\u00e4gget om honom n\u00e4r det blev klart han k\u00f6pte in i sig i Bajen. Han h\u00f6jer niv\u00e5n p\u00e5 tr\u00e4ningar men jag vill inte ha honom p\u00e5 plan i match. Sen v\u00e4grar han spela p\u00e5 konstgr\u00e4s samt att jag inte tror han spelar bra p\u00e5 det vilket man sett i andra som kommit fr\u00e5n enbart naturgr\u00e4s eller att hans kropp h\u00e5ller f\u00f6r konstgr\u00e4s.<\/p>\n<p>Han f\u00e5r j\u00e4tteg\u00e4rna tr\u00e4na med laget, det h\u00f6jer niv\u00e5n och f\u00e5r ungdomarna att vilja k\u00e4mpa mer tror jag, de f\u00e5r n\u00e4ra till n\u00e5gon som jag misst\u00e4nker m\u00e5nga av dem haft som f\u00f6rebild i m\u00e5nga \u00e5r. Men p\u00e5 en match skulle all uppm\u00e4rksamhet g\u00e5 till honom, bra om motst\u00e5ndarna fokuserar p\u00e5 honom men mindre bra om det g\u00f6r att alla medspelare vill att han ska best\u00e4mma hur alla anfall ska g\u00e5 till.<\/p>\n<p>Men vad jag tycker och vill spelar ingen roll.<br \/>\nZlatan lyssnar inte p\u00e5 n\u00e5gon annan \u00e4n sig sj\u00e4lv.<br \/>\n\u00c5terst\u00e5r att se, men jag har ytterst sv\u00e5rt se honom spela p\u00e5 konstgr\u00e4s eftersom han v\u00e4grat g\u00f6ra det i USA senaste \u00e5ren. S\u00e5 blir inte m\u00e5nga matcher han kan spela d\u00e5 oavsett.<br \/>\nKul f\u00f6r Hammarby med uppm\u00e4rksamheten men kung i Bajen \u00e4r och blir han aldrig.<br \/>\nDet finns n\u00e5gra, Nacka och Kennedy bland annat. Men d\u00e4r kommer inte Zlatan hamna, inte i min bok iallafall. Jag har en g\u00e5ng sagt att jag inte t\u00e4nker g\u00e5 p\u00e5 matcher om Zlatan spelar i Hammarby, \u00e5terst\u00e5r se hur jag g\u00f6r med det om det blir ett aktuellt problem.<\/p>\n<div id=\"attachment_2261\" style=\"width: 1034px\" class=\"wp-caption aligncenter\"><a href=\"https:\/\/themptander.com\/wp-content\/uploads\/2020\/07\/Zlatan_webb-1024x530-1.jpg\"><img loading=\"lazy\" decoding=\"async\" aria-describedby=\"caption-attachment-2261\" class=\"wp-image-2261 size-full\" src=\"https:\/\/themptander.com\/wp-content\/uploads\/2020\/07\/Zlatan_webb-1024x530-1.jpg\" alt=\"\" width=\"1024\" height=\"530\" srcset=\"https:\/\/themptander.com\/wp-content\/uploads\/2020\/07\/Zlatan_webb-1024x530-1.jpg 1024w, https:\/\/themptander.com\/wp-content\/uploads\/2020\/07\/Zlatan_webb-1024x530-1-300x155.jpg 300w, https:\/\/themptander.com\/wp-content\/uploads\/2020\/07\/Zlatan_webb-1024x530-1-768x398.jpg 768w\" sizes=\"auto, (max-width: 1024px) 100vw, 1024px\" \/><\/a><p id=\"caption-attachment-2261\" class=\"wp-caption-text\">Zlatan med finaste tr\u00f6jan. \u00c5terst\u00e5r se om han kommer spela match i den&#8230; (bilden tagen fr\u00e5n www.hammarbyfotboll.se)<\/p><\/div>\n","protected":false},"excerpt":{"rendered":"<p>Jag vet att jag \u00e4r r\u00e4tt ensam om \u00e5sikten. Och skulle jag uttrycka den i vissa grupper p\u00e5 Facebook skulle jag f\u00f6rmodligen f\u00e5 hatbrev, bli lynchad eller utkickad fr\u00e5n grupperna och blockad. Men det spelar ingen roll. F\u00f6r jag h\u00e5ller &hellip; <a href=\"https:\/\/themptander.com\/?p=1910\">Continue reading <span class=\"meta-nav\">&rarr;<\/span><\/a><\/p>\n","protected":false},"author":1,"featured_media":0,"comment_status":"open","ping_status":"open","sticky":false,"template":"","format":"standard","meta":{"jetpack_post_was_ever_published":false,"_jetpack_newsletter_access":"","_jetpack_dont_email_post_to_subs":false,"_jetpack_newsletter_tier_id":0,"_jetpack_memberships_contains_paywalled_content":false,"_jetpack_memberships_contains_paid_content":false,"footnotes":""},"categories":[11,4,10,21,5],"tags":[826,115,827,825,828,212],"class_list":["post-1910","post","type-post","status-publish","format-standard","hentry","category-allsvenskan","category-blogg","category-fotboll","category-hammarby","category-sport","tag-fokus","tag-hammarby","tag-konstgras","tag-nej-tack","tag-trana","tag-zlatan"],"jetpack_featured_media_url":"","jetpack_likes_enabled":true,"jetpack_sharing_enabled":true,"_links":{"self":[{"href":"https:\/\/themptander.com\/index.php?rest_route=\/wp\/v2\/posts\/1910","targetHints":{"allow":["GET"]}}],"collection":[{"href":"https:\/\/themptander.com\/index.php?rest_route=\/wp\/v2\/posts"}],"about":[{"href":"https:\/\/themptander.com\/index.php?rest_route=\/wp\/v2\/types\/post"}],"author":[{"embeddable":true,"href":"https:\/\/themptander.com\/index.php?rest_route=\/wp\/v2\/users\/1"}],"replies":[{"embeddable":true,"href":"https:\/\/themptander.com\/index.php?rest_route=%2Fwp%2Fv2%2Fcomments&post=1910"}],"version-history":[{"count":5,"href":"https:\/\/themptander.com\/index.php?rest_route=\/wp\/v2\/posts\/1910\/revisions"}],"predecessor-version":[{"id":2262,"href":"https:\/\/themptander.com\/index.php?rest_route=\/wp\/v2\/posts\/1910\/revisions\/2262"}],"wp:attachment":[{"href":"https:\/\/themptander.com\/index.php?rest_route=%2Fwp%2Fv2%2Fmedia&parent=1910"}],"wp:term":[{"taxonomy":"category","embeddable":true,"href":"https:\/\/themptander.com\/index.php?rest_route=%2Fwp%2Fv2%2Fcategories&post=1910"},{"taxonomy":"post_tag","embeddable":true,"href":"https:\/\/themptander.com\/index.php?rest_route=%2Fwp%2Fv2%2Ftags&post=1910"}],"curies":[{"name":"wp","href":"https:\/\/api.w.org\/{rel}","templated":true}]}}