{"id":1899,"date":"2020-04-24T00:13:51","date_gmt":"2020-04-23T22:13:51","guid":{"rendered":"http:\/\/themptander.com\/?p=1899"},"modified":"2020-04-24T00:18:21","modified_gmt":"2020-04-23T22:18:21","slug":"vackert-vader-men-pollenelande","status":"publish","type":"post","link":"https:\/\/themptander.com\/?p=1899","title":{"rendered":"Vackert v\u00e4der men pollenel\u00e4nde"},"content":{"rendered":"<p>Allts\u00e5, det \u00e4r j\u00e4ttesk\u00f6nt med sol och v\u00e4rme.<br \/>\nLederna m\u00e5r b\u00e4ttre och det \u00e4r helt enkelt sk\u00f6nare att leva.<br \/>\n\u00c4ven om det inte riktigt \u00e4r sommar \u00e4n k\u00e4nns det s\u00e5 i solen.<br \/>\nKv\u00e4llarna och n\u00e4tterna \u00e4r dock fortfarande kyliga \u00e4ven om det \u00e4r p\u00e5 r\u00e4tt v\u00e4g.<br \/>\nMan kan nog s\u00e4ga det \u00e4r v\u00e5r i luften.<\/p>\n<p>Men med det vackra v\u00e4dret kommer allt gr\u00f6nt p\u00e5 tr\u00e4den och p\u00e5 marken.<br \/>\nVackert \u00e4r det och trevliga v\u00e5rtecken.<br \/>\nMen har man pollenallergi \u00e4r det mindre kul.<br \/>\nSnuva och tr\u00f6tta \u00f6gon och vissa f\u00e5r hosta. Klart mindre trevligt.<br \/>\nOch i dessa Corona tider \u00f6verv\u00e4ger jag skaffa en tr\u00f6ja eller Pin som s\u00e4ger<br \/>\n&#8220;Jag har pollenallergi &#8211; inte Corona&#8221;<br \/>\nFast min hosta \u00e4r tveksam vad den kommer ifr\u00e5n. Brukar inte hosta av pollen men kan ju bli nya symtom med \u00e5ren ocks\u00e5.<br \/>\nBetter Safe Than Sorry s\u00e5 stannar hemma tills hostan e under kontroll iallafall f\u00f6r t\u00e4nker inte riskera smitta n\u00e5n med whatever it is&#8230;<\/p>\n<p>En nackdel \u00e4r ju ocks\u00e5 att m\u00e4nniskor &#8220;gl\u00f6mmer&#8221; de rekommendationer och restriktioner som finns. Den kalla \u00f6len p\u00e5 uteserveringen med v\u00e4nnerna eller grillfesten \u00e4r viktigare \u00e4n att f\u00f6rs\u00f6ka minska smittspridningen. M\u00e5nga gl\u00f6mmer t\u00e4nka p\u00e5 andra, det kan verkligen sl\u00e5 mot vem som helst. Inte ens de som inte \u00e4r i riskgrupp lever s\u00e4kert, landslagsidrottare har hamnat i respirator&#8230; S\u00e5 t\u00e4nk p\u00e5 inte bara er sj\u00e4lva utan \u00e4ven alla runtomkring tills smittan \u00e4r under kontroll s\u00e5 inte sjukv\u00e5rden g\u00e5r under&#8230;<\/p>\n<p><a href=\"https:\/\/themptander.com\/wp-content\/uploads\/2020\/04\/snapchat-8798299954637058355395957200.jpg\"><img loading=\"lazy\" decoding=\"async\" class=\"aligncenter size-large wp-image-1897\" src=\"https:\/\/themptander.com\/wp-content\/uploads\/2020\/04\/snapchat-8798299954637058355395957200-1024x576.jpg\" alt=\"\" width=\"640\" height=\"360\" srcset=\"https:\/\/themptander.com\/wp-content\/uploads\/2020\/04\/snapchat-8798299954637058355395957200-1024x576.jpg 1024w, https:\/\/themptander.com\/wp-content\/uploads\/2020\/04\/snapchat-8798299954637058355395957200-300x169.jpg 300w, https:\/\/themptander.com\/wp-content\/uploads\/2020\/04\/snapchat-8798299954637058355395957200-768x432.jpg 768w, https:\/\/themptander.com\/wp-content\/uploads\/2020\/04\/snapchat-8798299954637058355395957200-1536x864.jpg 1536w, https:\/\/themptander.com\/wp-content\/uploads\/2020\/04\/snapchat-8798299954637058355395957200-2048x1152.jpg 2048w\" sizes=\"auto, (max-width: 640px) 100vw, 640px\" \/><\/a><\/p>\n<p>S\u00e5 det \u00e4r sk\u00f6nt med v\u00e4rme, men h\u00e4lsom\u00e4ssigt \u00e4r det en tveksam vinst.<br \/>\nMen ja, jag f\u00f6redrar sommar och v\u00e4rme.<br \/>\nSk\u00f6nt kunna promenera utan att lederna strejkar iallafall.<br \/>\nS\u00e5 det var en sk\u00f6n l\u00e5ngsam och r\u00e4tt kort promenad. Frisk luft och lite sol \u00e4r nog bra f\u00f6r b\u00e5de h\u00e4lsa och hum\u00f6r.<\/p>\n","protected":false},"excerpt":{"rendered":"<p>Allts\u00e5, det \u00e4r j\u00e4ttesk\u00f6nt med sol och v\u00e4rme. Lederna m\u00e5r b\u00e4ttre och det \u00e4r helt enkelt sk\u00f6nare att leva. \u00c4ven om det inte riktigt \u00e4r sommar \u00e4n k\u00e4nns det s\u00e5 i solen. Kv\u00e4llarna och n\u00e4tterna \u00e4r dock fortfarande kyliga \u00e4ven &hellip; <a href=\"https:\/\/themptander.com\/?p=1899\">Continue reading <span class=\"meta-nav\">&rarr;<\/span><\/a><\/p>\n","protected":false},"author":1,"featured_media":0,"comment_status":"open","ping_status":"open","sticky":false,"template":"","format":"standard","meta":{"jetpack_post_was_ever_published":false,"_jetpack_newsletter_access":"","_jetpack_dont_email_post_to_subs":false,"_jetpack_newsletter_tier_id":0,"_jetpack_memberships_contains_paywalled_content":false,"_jetpack_memberships_contains_paid_content":false,"footnotes":""},"categories":[4,211],"tags":[631,624,629,630,622,628],"class_list":["post-1899","post","type-post","status-publish","format-standard","hentry","category-blogg","category-livet","tag-allergi","tag-hosta","tag-kyligt","tag-pollen","tag-sol","tag-varme"],"jetpack_featured_media_url":"","jetpack_likes_enabled":true,"jetpack_sharing_enabled":true,"_links":{"self":[{"href":"https:\/\/themptander.com\/index.php?rest_route=\/wp\/v2\/posts\/1899","targetHints":{"allow":["GET"]}}],"collection":[{"href":"https:\/\/themptander.com\/index.php?rest_route=\/wp\/v2\/posts"}],"about":[{"href":"https:\/\/themptander.com\/index.php?rest_route=\/wp\/v2\/types\/post"}],"author":[{"embeddable":true,"href":"https:\/\/themptander.com\/index.php?rest_route=\/wp\/v2\/users\/1"}],"replies":[{"embeddable":true,"href":"https:\/\/themptander.com\/index.php?rest_route=%2Fwp%2Fv2%2Fcomments&post=1899"}],"version-history":[{"count":4,"href":"https:\/\/themptander.com\/index.php?rest_route=\/wp\/v2\/posts\/1899\/revisions"}],"predecessor-version":[{"id":1903,"href":"https:\/\/themptander.com\/index.php?rest_route=\/wp\/v2\/posts\/1899\/revisions\/1903"}],"wp:attachment":[{"href":"https:\/\/themptander.com\/index.php?rest_route=%2Fwp%2Fv2%2Fmedia&parent=1899"}],"wp:term":[{"taxonomy":"category","embeddable":true,"href":"https:\/\/themptander.com\/index.php?rest_route=%2Fwp%2Fv2%2Fcategories&post=1899"},{"taxonomy":"post_tag","embeddable":true,"href":"https:\/\/themptander.com\/index.php?rest_route=%2Fwp%2Fv2%2Ftags&post=1899"}],"curies":[{"name":"wp","href":"https:\/\/api.w.org\/{rel}","templated":true}]}}