{"id":186,"date":"2013-03-06T18:31:17","date_gmt":"2013-03-06T16:31:17","guid":{"rendered":"http:\/\/themptander.com\/?p=186"},"modified":"2013-03-06T18:31:17","modified_gmt":"2013-03-06T16:31:17","slug":"nanis-roda-kort","status":"publish","type":"post","link":"https:\/\/themptander.com\/?p=186","title":{"rendered":"Nanis r\u00f6da kort"},"content":{"rendered":"<p>N\u00e4r jag s\u00e5g matchen ig\u00e5r mellan United och Real Madrid s\u00e5 tyckte jag det var en underh\u00e5llande match.<br \/>\nSett ur den synvinkeln var det synd att domaren visade ut Nani.<br \/>\nMen gjorde han r\u00e4tt?<br \/>\nJa, det beror p\u00e5 hur man ser det.<\/p>\n<p>Att s\u00e4tta dobbarna i n\u00e5gons br\u00f6stkorg p\u00e5 en fotbollsplan \u00e4r inte till\u00e5tet. \u00c4r det medvetet \u00e4r det ett klockrent r\u00f6tt kort. Dock f\u00e5r jag nog s\u00e4ga att Nanis tilltag inte ser medvetet ut.<br \/>\nD\u00e4remot, han \u00e4r ansvarig f\u00f6r sitt egna ben, det b\u00f6r inte vara p\u00e5 den h\u00f6jde, det \u00e4r minst en farlig spark och eftersom den tr\u00e4ffar \u00e4r det minst ett gult kort.<\/p>\n<p>Om domaren anser att det \u00e4r aggressivt s\u00e5 \u00e4r det r\u00f6tt kort. \u00c4r det d\u00e4remot &#8220;bara&#8221; v\u00e5rdsl\u00f6st eller oaktsamt s\u00e5 kan det r\u00e4cka med ett gult.<br \/>\nJag vet inte vad jag anser men kan nog s\u00e4ga att ett r\u00f6tt kanske var v\u00e4l h\u00e5rt.<br \/>\nEtt brandgult hade kanske varit mer passande.<\/p>\n<p>Kv\u00e4llens drabbning ska bli intressant. Har inte riktigt best\u00e4mt vilken match jag ska se \u00e4n men lutar \u00e5t att b\u00f6rja med Juventus och se om italienarna h\u00e5ller i den &#8220;s\u00e4kra&#8221; ledningen f\u00f6r att sedan g\u00e5 \u00f6ver till PSG (utan Zlatan) mot Valencia d\u00e4r jag tror det kan bli en j\u00e4mnare match d\u00e5 den \u00e4r l\u00e5ngt ifr\u00e5n avgjord. Se om PSG klarar sig utan Zlatan p\u00e5 topp.<\/p>\n","protected":false},"excerpt":{"rendered":"<p>N\u00e4r jag s\u00e5g matchen ig\u00e5r mellan United och Real Madrid s\u00e5 tyckte jag det var en underh\u00e5llande match. Sett ur den synvinkeln var det synd att domaren visade ut Nani. Men gjorde han r\u00e4tt? Ja, det beror p\u00e5 hur man &hellip; <a href=\"https:\/\/themptander.com\/?p=186\">Continue reading <span class=\"meta-nav\">&rarr;<\/span><\/a><\/p>\n","protected":false},"author":1,"featured_media":0,"comment_status":"open","ping_status":"open","sticky":false,"template":"","format":"standard","meta":{"jetpack_post_was_ever_published":false,"_jetpack_newsletter_access":"","_jetpack_dont_email_post_to_subs":false,"_jetpack_newsletter_tier_id":0,"_jetpack_memberships_contains_paywalled_content":false,"_jetpack_memberships_contains_paid_content":false,"footnotes":""},"categories":[10,14,5],"tags":[17,15,16],"class_list":["post-186","post","type-post","status-publish","format-standard","hentry","category-fotboll","category-internationellt","category-sport","tag-champions-league","tag-nani","tag-united"],"jetpack_featured_media_url":"","jetpack_likes_enabled":true,"jetpack_sharing_enabled":true,"_links":{"self":[{"href":"https:\/\/themptander.com\/index.php?rest_route=\/wp\/v2\/posts\/186","targetHints":{"allow":["GET"]}}],"collection":[{"href":"https:\/\/themptander.com\/index.php?rest_route=\/wp\/v2\/posts"}],"about":[{"href":"https:\/\/themptander.com\/index.php?rest_route=\/wp\/v2\/types\/post"}],"author":[{"embeddable":true,"href":"https:\/\/themptander.com\/index.php?rest_route=\/wp\/v2\/users\/1"}],"replies":[{"embeddable":true,"href":"https:\/\/themptander.com\/index.php?rest_route=%2Fwp%2Fv2%2Fcomments&post=186"}],"version-history":[{"count":5,"href":"https:\/\/themptander.com\/index.php?rest_route=\/wp\/v2\/posts\/186\/revisions"}],"predecessor-version":[{"id":191,"href":"https:\/\/themptander.com\/index.php?rest_route=\/wp\/v2\/posts\/186\/revisions\/191"}],"wp:attachment":[{"href":"https:\/\/themptander.com\/index.php?rest_route=%2Fwp%2Fv2%2Fmedia&parent=186"}],"wp:term":[{"taxonomy":"category","embeddable":true,"href":"https:\/\/themptander.com\/index.php?rest_route=%2Fwp%2Fv2%2Fcategories&post=186"},{"taxonomy":"post_tag","embeddable":true,"href":"https:\/\/themptander.com\/index.php?rest_route=%2Fwp%2Fv2%2Ftags&post=186"}],"curies":[{"name":"wp","href":"https:\/\/api.w.org\/{rel}","templated":true}]}}