{"id":167,"date":"2013-02-24T18:32:58","date_gmt":"2013-02-24T16:32:58","guid":{"rendered":"http:\/\/themptander.com\/?p=167"},"modified":"2013-02-24T18:32:58","modified_gmt":"2013-02-24T16:32:58","slug":"titellos-sasong","status":"publish","type":"post","link":"https:\/\/themptander.com\/?p=167","title":{"rendered":"Titell\u00f6s s\u00e4song"},"content":{"rendered":"<p>Jag har sagt det l\u00e4nge, b\u00f6rjade nog i november om inte oktober med att s\u00e4ga att Chelsea kommer inte f\u00e5 n\u00e5gon titel den h\u00e4r s\u00e4songen.<br \/>\nChampions League f\u00f6rsvann n\u00e4r vi inte gjorde m\u00e5l eller kunde prestera ordentligt, ligan tappade vi n\u00e5nstans n\u00e5got senare n\u00e4r vi fortfarande inte kunde g\u00f6ra m\u00e5l, ens p\u00e5 de s\u00e4mre lagen. F\u00f6rlusten mot West Brom var droppen som fick b\u00e4garen att rinna \u00f6ver och som gjorde att Di Matteo fick l\u00e4mna.<\/p>\n<p>Att s\u00e4tta in Benitez \u00e4r f\u00f6r att r\u00e4dda en CL-plats till n\u00e4sta s\u00e4song n\u00e4r det verkar som att Mourinho kommer tillbaka och tar \u00f6ver. Men det har inte gett n\u00e5n t\u00e4ndning alls med tr\u00e4narbytet. Fansen har varit vansinniga, st\u00f6det har n\u00e4stan f\u00f6rsvunnit emellan\u00e5t och f\u00f6r att inte tala om att t\u00e5lamodet \u00e4r slut med\u00a0underpresterande\u00a0forwards.<br \/>\nMen jag v\u00e4grar skylla allt p\u00e5 Torres, ja, killen borde gjort ett antal m\u00e5l till. Men han har k\u00e4mpat kopi\u00f6st, f\u00f6rs\u00f6kt allt och \u00e4ven skapat m\u00e5nga chanser samt slagit m\u00e5nga avg\u00f6rande passningar. Mata har varit den genomg\u00e5ende b\u00e4sta offensiva spelaren den h\u00e4r s\u00e4songen, tillsammans med Lampard men inte p\u00e5 samma s\u00e4tt.<\/p>\n<p>Visst, Chelsea kan fortfarande vinna Europa League men insatsen mot Sparta Prag tyder inte p\u00e5 en lysande chans. Det imponerar inte alls. Verkar inte finnas n\u00e5n riktig struktur och Demba Ba som skulle vara fr\u00e4lsaren tycker jag inte g\u00f6r det speciellt bra.<br \/>\nHan b\u00f6rjade bra men efter de matcherna har han f\u00f6rsvunnit, det kanske s\u00e4tter ner honom f\u00f6r mycket att spela med mask f\u00f6r att skydda det brutna n\u00e4sbenet men borde han d\u00e5 spela? Hans prestation idag gav visserligen en straff men i \u00f6vrigt syntes han knappt.<br \/>\nJag vill se mer av honom och Torres tillsammans, mer 4-4-2 \u00e4n det vi f\u00f6rs\u00f6kt spela hittills d\u00e5 ingen forward klarar prestera ensam p\u00e5 topp.<\/p>\n<p>Chelsea \u00e4r kvar i FA-cupen ocks\u00e5 d\u00e4r de har ett imponerande facit senaste \u00e5ren. Men \u00e4ven d\u00e4r kan jag inte se hur de ska kunna g\u00e5 hela v\u00e4gen.<br \/>\nN\u00e5gon m\u00e5ste b\u00f6rja g\u00f6ra m\u00e5l och det ska helst vara en forward.<br \/>\nSedan har det varit v\u00e4ldigt mycket felbeslut p\u00e5 sistone. Ramires kommer igenom p\u00e5 bra s\u00e4tt flera g\u00e5nger men passar aldrig bollen i r\u00e4tt l\u00e4ge, f\u00f6rs\u00f6ker g\u00e4rna tr\u00e5kla sig fram sj\u00e4lv vilket n\u00e4stan alltid slutar med att han blir av med den.<\/p>\n<p>Moses har visat form, b\u00e5de under Afrikanska och sedan han kom hem. Men han kan inte leda laget sj\u00e4lv, ingen kan leda Chelsea till toppen sj\u00e4lv. Det m\u00e5ste vara flera som presterar. Sedan f\u00e5r g\u00e4rna coachningen bli mer begriplig.<br \/>\nEn riktig toppmatch som den mot City \u00e4r perfekt f\u00f6r ledargestalten Terry, d\u00e5 b\u00e4nkas han och Luiz f\u00e5r spela mittback, han som inte ens spelat p\u00e5 den positionen p\u00e5 sistone g\u00f6r en riktigt d\u00e5lig match, m\u00e5nga felpass och fel i placeringen.<br \/>\nAtt sedan byta ut Hazard och Lampard mot offensiva krafter \u00e4r bra n\u00e4r man satsar fram\u00e5t men att sedan ta ut Mikel ocks\u00e5 f\u00f6r att s\u00e4tta in Torres g\u00f6r att den enda defensiva kraften som var kvar var Ramires. Ska en vara kvar p\u00e5 plan hade det nog varit b\u00e4ttre med Lampard. Hans skott utifr\u00e5n kan vara avg\u00f6rande.<\/p>\n<p>Det kr\u00e4vs en rej\u00e4l uppryckning f\u00f6r att den h\u00e4r s\u00e4songen ens ska sluta \u00a0med en CL-plats.<\/p>\n","protected":false},"excerpt":{"rendered":"<p>Jag har sagt det l\u00e4nge, b\u00f6rjade nog i november om inte oktober med att s\u00e4ga att Chelsea kommer inte f\u00e5 n\u00e5gon titel den h\u00e4r s\u00e4songen. Champions League f\u00f6rsvann n\u00e4r vi inte gjorde m\u00e5l eller kunde prestera ordentligt, ligan tappade vi &hellip; <a href=\"https:\/\/themptander.com\/?p=167\">Continue reading <span class=\"meta-nav\">&rarr;<\/span><\/a><\/p>\n","protected":false},"author":1,"featured_media":0,"comment_status":"open","ping_status":"open","sticky":false,"template":"","format":"standard","meta":{"jetpack_post_was_ever_published":false,"_jetpack_newsletter_access":"","_jetpack_dont_email_post_to_subs":false,"_jetpack_newsletter_tier_id":0,"_jetpack_memberships_contains_paywalled_content":false,"_jetpack_memberships_contains_paid_content":false,"footnotes":""},"categories":[10,14,5],"tags":[],"class_list":["post-167","post","type-post","status-publish","format-standard","hentry","category-fotboll","category-internationellt","category-sport"],"jetpack_featured_media_url":"","jetpack_likes_enabled":true,"jetpack_sharing_enabled":true,"_links":{"self":[{"href":"https:\/\/themptander.com\/index.php?rest_route=\/wp\/v2\/posts\/167","targetHints":{"allow":["GET"]}}],"collection":[{"href":"https:\/\/themptander.com\/index.php?rest_route=\/wp\/v2\/posts"}],"about":[{"href":"https:\/\/themptander.com\/index.php?rest_route=\/wp\/v2\/types\/post"}],"author":[{"embeddable":true,"href":"https:\/\/themptander.com\/index.php?rest_route=\/wp\/v2\/users\/1"}],"replies":[{"embeddable":true,"href":"https:\/\/themptander.com\/index.php?rest_route=%2Fwp%2Fv2%2Fcomments&post=167"}],"version-history":[{"count":3,"href":"https:\/\/themptander.com\/index.php?rest_route=\/wp\/v2\/posts\/167\/revisions"}],"predecessor-version":[{"id":183,"href":"https:\/\/themptander.com\/index.php?rest_route=\/wp\/v2\/posts\/167\/revisions\/183"}],"wp:attachment":[{"href":"https:\/\/themptander.com\/index.php?rest_route=%2Fwp%2Fv2%2Fmedia&parent=167"}],"wp:term":[{"taxonomy":"category","embeddable":true,"href":"https:\/\/themptander.com\/index.php?rest_route=%2Fwp%2Fv2%2Fcategories&post=167"},{"taxonomy":"post_tag","embeddable":true,"href":"https:\/\/themptander.com\/index.php?rest_route=%2Fwp%2Fv2%2Ftags&post=167"}],"curies":[{"name":"wp","href":"https:\/\/api.w.org\/{rel}","templated":true}]}}