{"id":1243,"date":"2020-01-27T04:35:36","date_gmt":"2020-01-27T02:35:36","guid":{"rendered":"http:\/\/themptander.com\/?p=1243"},"modified":"2020-01-27T06:04:46","modified_gmt":"2020-01-27T04:04:46","slug":"tat-final-med-sur-avslutning","status":"publish","type":"post","link":"https:\/\/themptander.com\/?p=1243","title":{"rendered":"T\u00e4t final med lite tr\u00e5kig avslutning"},"content":{"rendered":"<p>Det var grymt tryck p\u00e5 l\u00e4ktarna, k\u00e4ndes som halva Kroatien hade \u00e5kt till Stockholm.<br \/>\nVerkade s\u00e5 n\u00e4r man letade parkering ocks\u00e5.. Men man ska utmana sig sj\u00e4lv och det gjorde jag iallafall n\u00e4r jag tog bilen dit och lyckades hitta en parkering i ett bostadsomr\u00e5de 10minuter fr\u00e5n arenan. Ganska n\u00f6jd med att ha klarat av det \u00e4nd\u00e5.<br \/>\n\u00c4ven om jag inte direkt \u00e4r sugen p\u00e5 att g\u00f6ra om det.<\/p>\n<p>Men var m\u00e4ktigt komma in p\u00e5 l\u00e4ktaren och h\u00f6ra de Kroatiska fansen. Och nog h\u00f6rdes de alltid. N\u00e4stan hela matchen. Dock med r\u00e4tt mycket buanden n\u00e4r Spanien anf\u00f6ll, det \u00e4r tyv\u00e4rr som det brukar men jag \u00e4r inget st\u00f6rre fan av det. G\u00e4ller inte bara Kroatien, v\u00e4ldigt vanligt bland gamla Jugoslaviska l\u00e4nder. Min gissning \u00e4r att det \u00e4r p\u00e5 grund av starkare nationalism kanske beroende p\u00e5 de m\u00e5nga krig och orosh\u00e4rdar som drabbat de l\u00e4nderna betydligt mer \u00e4n oss i norden.<\/p>\n<p><a href=\"https:\/\/themptander.com\/wp-content\/uploads\/2020\/01\/20200126_1640551333297098670306320-scaled.jpg\"><img loading=\"lazy\" decoding=\"async\" class=\"aligncenter size-large wp-image-1255\" src=\"https:\/\/themptander.com\/wp-content\/uploads\/2020\/01\/20200126_1640551333297098670306320-1024x768.jpg\" alt=\"\" width=\"584\" height=\"438\" srcset=\"https:\/\/themptander.com\/wp-content\/uploads\/2020\/01\/20200126_1640551333297098670306320-1024x768.jpg 1024w, https:\/\/themptander.com\/wp-content\/uploads\/2020\/01\/20200126_1640551333297098670306320-300x225.jpg 300w, https:\/\/themptander.com\/wp-content\/uploads\/2020\/01\/20200126_1640551333297098670306320-768x576.jpg 768w, https:\/\/themptander.com\/wp-content\/uploads\/2020\/01\/20200126_1640551333297098670306320-1536x1152.jpg 1536w, https:\/\/themptander.com\/wp-content\/uploads\/2020\/01\/20200126_1640551333297098670306320-2048x1536.jpg 2048w, https:\/\/themptander.com\/wp-content\/uploads\/2020\/01\/20200126_1640551333297098670306320-400x300.jpg 400w\" sizes=\"auto, (max-width: 584px) 100vw, 584px\" \/><\/a><\/p>\n<p>Det b\u00f6rjade bra med att Kroaterna tog ledningen och h\u00f6ll en tv\u00e5m\u00e5lsledning i cirka 20minuter, sedan bytte Spanien m\u00e5lvakt och Gonzalo Perez de Vargas kom in i matchen, han st\u00e4ngde igen m\u00e5let och Spanien kom ikapp. Dock hade Sego ingen bra f\u00f6rsta halvlek och Cindric var f\u00f6rvisso p\u00e5 b\u00e4nken men spelade nog bara 2-3 anfall s\u00e5 den kn\u00e4skadan blev kostsam \u00e4ven om den inte syntes n\u00e4r han sprang.<br \/>\nI andra halvlek vaknade Sego men d\u00e5 f\u00f6rsvann anfallsspelet n\u00e4stan helt fr\u00e5n Kroatien, ingen verkade v\u00e5ga skjuta,\u00a0 Duvnjak sk\u00f6t men missade och missade \u00e4ven en straff. Tror att Karacic \u00e4ven om han sk\u00f6t n\u00e5gra skott ocks\u00e5 var h\u00e4mmad av den kn\u00e4skada han ocks\u00e5 fick under turneringen.<\/p>\n<p><a href=\"https:\/\/themptander.com\/wp-content\/uploads\/2020\/01\/20200126_1810443559115820486624623-scaled.jpg\"><img loading=\"lazy\" decoding=\"async\" class=\"aligncenter size-large wp-image-1251\" src=\"https:\/\/themptander.com\/wp-content\/uploads\/2020\/01\/20200126_1810443559115820486624623-768x1024.jpg\" alt=\"\" width=\"584\" height=\"779\" srcset=\"https:\/\/themptander.com\/wp-content\/uploads\/2020\/01\/20200126_1810443559115820486624623-768x1024.jpg 768w, https:\/\/themptander.com\/wp-content\/uploads\/2020\/01\/20200126_1810443559115820486624623-225x300.jpg 225w, https:\/\/themptander.com\/wp-content\/uploads\/2020\/01\/20200126_1810443559115820486624623-1152x1536.jpg 1152w, https:\/\/themptander.com\/wp-content\/uploads\/2020\/01\/20200126_1810443559115820486624623-1536x2048.jpg 1536w, https:\/\/themptander.com\/wp-content\/uploads\/2020\/01\/20200126_1810443559115820486624623-scaled.jpg 1920w\" sizes=\"auto, (max-width: 584px) 100vw, 584px\" \/><\/a><\/p>\n<p>Spanien hade dock turneringens b\u00e4sta m\u00e5lvakt och det visade sig den h\u00e4r matchen, han hade en h\u00f6gre j\u00e4mnhet \u00e4n Sego. Det var tv\u00e5 v\u00e4ldigt starka och j\u00e4mna f\u00f6rsvar som gjorde det sv\u00e5rt f\u00f6r skyttarna \u00e5t b\u00e5da h\u00e5ll. N\u00e4r Kroatien fick en utvisning och spelade utan m\u00e5lvakt s\u00e5 drog Spanien ifr\u00e5n med 3 m\u00e5l varav tv\u00e5 i \u00f6ppen kasse. Kroatien h\u00e4mtade in det trots att jag trodde det var k\u00f6rt och hade \u00e4ven l\u00e4ge att ta ledningen vid tv\u00e5 tillf\u00e4llen men d\u00e5 stod f\u00f6rsvar och m\u00e5lvakt i v\u00e4gen.<\/p>\n<p>Med en minut kvar hade Kroatien chans att kvittera, d\u00e5 fick Karacic hj\u00e4rnsl\u00e4pp och gl\u00f6mde studsa bollen. D\u00e4rmed bl\u00e5stes han av f\u00f6r stegfel och Spanien fick bollen och avgjorde med ett m\u00e5l till slutresultatet 22-20.<\/p>\n<p><a href=\"https:\/\/themptander.com\/wp-content\/uploads\/2020\/01\/20200126_1819519034456939774739242-scaled.jpg\"><img loading=\"lazy\" decoding=\"async\" class=\"aligncenter size-large wp-image-1250\" src=\"https:\/\/themptander.com\/wp-content\/uploads\/2020\/01\/20200126_1819519034456939774739242-1024x576.jpg\" alt=\"\" width=\"584\" height=\"329\" srcset=\"https:\/\/themptander.com\/wp-content\/uploads\/2020\/01\/20200126_1819519034456939774739242-1024x576.jpg 1024w, https:\/\/themptander.com\/wp-content\/uploads\/2020\/01\/20200126_1819519034456939774739242-300x169.jpg 300w, https:\/\/themptander.com\/wp-content\/uploads\/2020\/01\/20200126_1819519034456939774739242-768x432.jpg 768w, https:\/\/themptander.com\/wp-content\/uploads\/2020\/01\/20200126_1819519034456939774739242-1536x864.jpg 1536w, https:\/\/themptander.com\/wp-content\/uploads\/2020\/01\/20200126_1819519034456939774739242-2048x1152.jpg 2048w, https:\/\/themptander.com\/wp-content\/uploads\/2020\/01\/20200126_1819519034456939774739242-500x281.jpg 500w\" sizes=\"auto, (max-width: 584px) 100vw, 584px\" \/><\/a><\/p>\n<p>Nog r\u00e4ttvist sett till hela matchen f\u00f6r det l\u00e5ste sig f\u00f6r Kroatien. Och kanske r\u00e4ttvist \u00e4ven sett till hela turneringen. Men lika surt f\u00f6r mig s\u00e4ger jag som ville att Kroatien skulle f\u00e5 vinna igen. Dock ett stort avbr\u00e4ck att Cindric och Karacic blev skadade. D\u00e5 f\u00f6ll ett f\u00f6r tungt ansvar p\u00e5 Duvnjak som inte orkar spela s\u00e5 m\u00e5nga matcher p\u00e5 s\u00e5 kort tid p\u00e5 allra h\u00f6gsta niv\u00e5. Men han slet hela matchen och gjorde det ruskigt bra. Men han beh\u00f6vde vila och d\u00e5 fanns ingen som riktigt kunde ers\u00e4tta honom. De testade med Horvat men kantliraren \u00e4r inte riktigt p\u00e5 samma niv\u00e5 som speluppl\u00e4ggare eller skytt \u00e4ven om han g\u00f6r det godk\u00e4nt.<\/p>\n<p>Framf\u00f6rallt var det en upplevelse att se dem live igen i en t\u00e4vlingsmatch. Kan bara hoppas det h\u00e4nder igen. Men n\u00e4rmst ska jag h\u00e5lla tummarna f\u00f6r att de kvalar in till OS i h\u00f6st, det \u00e4r ingen l\u00e4tt grupp de f\u00e5tt d\u00e4r de m\u00f6ter Frankrike och Portugal och ett afrikanskt lag. Bara ladda om mentalt och \u00e5terh\u00e4mta sig fr\u00e5n den h\u00e4r helgens berg och dalbanor f\u00f6r nerverna&#8230;<\/p>\n<p><a href=\"https:\/\/themptander.com\/wp-content\/uploads\/2020\/01\/20200126_182821-1731207024444303589-scaled.jpg\"><img loading=\"lazy\" decoding=\"async\" class=\"aligncenter size-large wp-image-1252\" src=\"https:\/\/themptander.com\/wp-content\/uploads\/2020\/01\/20200126_182821-1731207024444303589-1024x768.jpg\" alt=\"\" width=\"584\" height=\"438\" srcset=\"https:\/\/themptander.com\/wp-content\/uploads\/2020\/01\/20200126_182821-1731207024444303589-1024x768.jpg 1024w, https:\/\/themptander.com\/wp-content\/uploads\/2020\/01\/20200126_182821-1731207024444303589-300x225.jpg 300w, https:\/\/themptander.com\/wp-content\/uploads\/2020\/01\/20200126_182821-1731207024444303589-768x576.jpg 768w, https:\/\/themptander.com\/wp-content\/uploads\/2020\/01\/20200126_182821-1731207024444303589-1536x1152.jpg 1536w, https:\/\/themptander.com\/wp-content\/uploads\/2020\/01\/20200126_182821-1731207024444303589-2048x1536.jpg 2048w, https:\/\/themptander.com\/wp-content\/uploads\/2020\/01\/20200126_182821-1731207024444303589-400x300.jpg 400w\" sizes=\"auto, (max-width: 584px) 100vw, 584px\" \/><\/a><\/p>\n","protected":false},"excerpt":{"rendered":"<p>Det var grymt tryck p\u00e5 l\u00e4ktarna, k\u00e4ndes som halva Kroatien hade \u00e5kt till Stockholm. Verkade s\u00e5 n\u00e4r man letade parkering ocks\u00e5.. Men man ska utmana sig sj\u00e4lv och det gjorde jag iallafall n\u00e4r jag tog bilen dit och lyckades hitta &hellip; <a href=\"https:\/\/themptander.com\/?p=1243\">Continue reading <span class=\"meta-nav\">&rarr;<\/span><\/a><\/p>\n","protected":false},"author":1,"featured_media":0,"comment_status":"open","ping_status":"open","sticky":false,"template":"","format":"standard","meta":{"jetpack_post_was_ever_published":false,"_jetpack_newsletter_access":"","_jetpack_dont_email_post_to_subs":false,"_jetpack_newsletter_tier_id":0,"_jetpack_memberships_contains_paywalled_content":false,"_jetpack_memberships_contains_paid_content":false,"footnotes":""},"categories":[4,19,5],"tags":[300,235,70,318,314,61,114,317,234,315,298,316,319],"class_list":["post-1243","post","type-post","status-publish","format-standard","hentry","category-blogg","category-handboll","category-sport","tag-duvnjak","tag-em","tag-final","tag-forsvar","tag-gonzalo","tag-guld","tag-handboll","tag-jamt","tag-kroatien","tag-silver","tag-spanien","tag-spannande","tag-tufft"],"jetpack_featured_media_url":"","jetpack_likes_enabled":true,"jetpack_sharing_enabled":true,"_links":{"self":[{"href":"https:\/\/themptander.com\/index.php?rest_route=\/wp\/v2\/posts\/1243","targetHints":{"allow":["GET"]}}],"collection":[{"href":"https:\/\/themptander.com\/index.php?rest_route=\/wp\/v2\/posts"}],"about":[{"href":"https:\/\/themptander.com\/index.php?rest_route=\/wp\/v2\/types\/post"}],"author":[{"embeddable":true,"href":"https:\/\/themptander.com\/index.php?rest_route=\/wp\/v2\/users\/1"}],"replies":[{"embeddable":true,"href":"https:\/\/themptander.com\/index.php?rest_route=%2Fwp%2Fv2%2Fcomments&post=1243"}],"version-history":[{"count":5,"href":"https:\/\/themptander.com\/index.php?rest_route=\/wp\/v2\/posts\/1243\/revisions"}],"predecessor-version":[{"id":1258,"href":"https:\/\/themptander.com\/index.php?rest_route=\/wp\/v2\/posts\/1243\/revisions\/1258"}],"wp:attachment":[{"href":"https:\/\/themptander.com\/index.php?rest_route=%2Fwp%2Fv2%2Fmedia&parent=1243"}],"wp:term":[{"taxonomy":"category","embeddable":true,"href":"https:\/\/themptander.com\/index.php?rest_route=%2Fwp%2Fv2%2Fcategories&post=1243"},{"taxonomy":"post_tag","embeddable":true,"href":"https:\/\/themptander.com\/index.php?rest_route=%2Fwp%2Fv2%2Ftags&post=1243"}],"curies":[{"name":"wp","href":"https:\/\/api.w.org\/{rel}","templated":true}]}}