{"id":1005,"date":"2020-02-03T05:00:21","date_gmt":"2020-02-03T03:00:21","guid":{"rendered":"http:\/\/themptander.com\/?p=1005"},"modified":"2020-02-03T05:00:21","modified_gmt":"2020-02-03T03:00:21","slug":"bak-och-chokladmassan","status":"publish","type":"post","link":"https:\/\/themptander.com\/?p=1005","title":{"rendered":"Bak och Chokladm\u00e4ssan"},"content":{"rendered":"<p>N\u00e5got sent inl\u00e4gg men b\u00e4ttre sent \u00e4n aldrig har jag h\u00f6rt.<br \/>\n\u00c5rlig tradition, Bak och Chokladfestivalen p\u00e5 \u00c4lvsj\u00f6 m\u00e4ssan. Brukar g\u00e5 med mamma och s\u00e5 \u00e4ven i \u00e5r. Det var v\u00e4ldigt trevligt.<\/p>\n<p>Dock kan jag tycka det \u00e4r lite tr\u00e5kigt att det blir mindre och mindre bakinriktat om man t\u00e4nker br\u00f6dm\u00e4ssigt och mer p\u00e5 olika godsaker.<br \/>\nVisst att det heter chokladm\u00e4ssa ocks\u00e5 men n\u00e5got mer j\u00e4mt f\u00f6rdelat hade jag f\u00f6redragit.<\/p>\n<div id=\"attachment_1011\" style=\"width: 594px\" class=\"wp-caption aligncenter\"><a href=\"https:\/\/themptander.com\/wp-content\/uploads\/2019\/10\/20191011_1515391.jpg\"><img loading=\"lazy\" decoding=\"async\" aria-describedby=\"caption-attachment-1011\" class=\"wp-image-1011 size-large\" src=\"https:\/\/themptander.com\/wp-content\/uploads\/2019\/10\/20191011_1515391-1024x768.jpg\" alt=\"\" width=\"584\" height=\"438\" srcset=\"https:\/\/themptander.com\/wp-content\/uploads\/2019\/10\/20191011_1515391-1024x768.jpg 1024w, https:\/\/themptander.com\/wp-content\/uploads\/2019\/10\/20191011_1515391-300x225.jpg 300w, https:\/\/themptander.com\/wp-content\/uploads\/2019\/10\/20191011_1515391-768x576.jpg 768w, https:\/\/themptander.com\/wp-content\/uploads\/2019\/10\/20191011_1515391-400x300.jpg 400w\" sizes=\"auto, (max-width: 584px) 100vw, 584px\" \/><\/a><p id=\"caption-attachment-1011\" class=\"wp-caption-text\">De ser v\u00e4ldigt goda ut, alla cocosbollarna, l\u00e4ckra f\u00e4rger.<\/p><\/div>\n<p>Jag gillar ju br\u00f6dbak mer \u00e4n alla godsaker som \u00e4r f\u00f6r &#8220;avancerade&#8221; f\u00f6r min smak. Jag \u00e4r ingen finsmakare vad det g\u00e4ller choklad. F\u00f6redrar oftast Marabous olika smaker eller m\u00f6jligen de belgiska sj\u00f6frukterna man kan k\u00f6pa f\u00f6rpackningar med. Dyr premiumchoklad och praliner \u00e4r oftast inget f\u00f6r mig. N\u00e4rmaste jag kommer \u00e4r m\u00e4rket Tonys som \u00e4r en ganska ny bekantskap f\u00f6r mig. Och en trevlig bekantskap f\u00e5r jag s\u00e4ga.<br \/>\nFlera goda smaker, lite ovanliga, n\u00e5got kraftigare smak och tjockare bitar \u00e4n de flesta andra chokladkakor som finns att k\u00f6pa.<\/p>\n<div id=\"attachment_1010\" style=\"width: 594px\" class=\"wp-caption aligncenter\"><a href=\"https:\/\/themptander.com\/wp-content\/uploads\/2019\/10\/20191011_1515271.jpg\"><img loading=\"lazy\" decoding=\"async\" aria-describedby=\"caption-attachment-1010\" class=\"wp-image-1010 size-large\" src=\"https:\/\/themptander.com\/wp-content\/uploads\/2019\/10\/20191011_1515271-1024x768.jpg\" alt=\"\" width=\"584\" height=\"438\" srcset=\"https:\/\/themptander.com\/wp-content\/uploads\/2019\/10\/20191011_1515271-1024x768.jpg 1024w, https:\/\/themptander.com\/wp-content\/uploads\/2019\/10\/20191011_1515271-300x225.jpg 300w, https:\/\/themptander.com\/wp-content\/uploads\/2019\/10\/20191011_1515271-768x576.jpg 768w, https:\/\/themptander.com\/wp-content\/uploads\/2019\/10\/20191011_1515271-400x300.jpg 400w\" sizes=\"auto, (max-width: 584px) 100vw, 584px\" \/><\/a><p id=\"caption-attachment-1010\" class=\"wp-caption-text\">Chokladbr\u00e4ck, de \u00e4r faktiskt lika goda som snygga. Iallafall de med hallon och havssalt<\/p><\/div>\n<p>Det \u00e4r mysigt att g\u00e5 omkring och titta p\u00e5 allt. \u00c4ven om det tenderar att vara lite f\u00f6r mycket folk f\u00f6r min smak. Det blir l\u00e4tt v\u00e4ldigt tr\u00e5ngt i g\u00e5ngarna.<br \/>\nOch \u00e4ven om jag inte k\u00f6per n\u00e5n choklad n\u00e4stan l\u00e4ngre f\u00f6r att en blir liggande d\u00e5 det \u00e4r lite f\u00f6r fint f\u00f6r min smak men i sm\u00e5 portioner \u00e4r det gott. Dock \u00e4ter jag v\u00e4ldigt lite choklad hemma numera.<br \/>\nMen jag k\u00f6per en del annat, finns alltid saker man kan beh\u00f6va eller bara vill ha.<\/p>\n<div id=\"attachment_1009\" style=\"width: 594px\" class=\"wp-caption aligncenter\"><a href=\"https:\/\/themptander.com\/wp-content\/uploads\/2019\/10\/20191011_1315571-e1570840207606.jpg\"><img loading=\"lazy\" decoding=\"async\" aria-describedby=\"caption-attachment-1009\" class=\"wp-image-1009 size-large\" src=\"https:\/\/themptander.com\/wp-content\/uploads\/2019\/10\/20191011_1315571-e1570840207606-768x1024.jpg\" alt=\"\" width=\"584\" height=\"779\" srcset=\"https:\/\/themptander.com\/wp-content\/uploads\/2019\/10\/20191011_1315571-e1570840207606-768x1024.jpg 768w, https:\/\/themptander.com\/wp-content\/uploads\/2019\/10\/20191011_1315571-e1570840207606-225x300.jpg 225w\" sizes=\"auto, (max-width: 584px) 100vw, 584px\" \/><\/a><p id=\"caption-attachment-1009\" class=\"wp-caption-text\">L\u00e4ckert utseende p\u00e5 pralinerna men lakrits \u00e4r inget f\u00f6r mig<\/p><\/div>\n<p>Det som kommit mer och mer senaste \u00e5ren \u00e4r att det ofta finns massa sorters Teer och tillbeh\u00f6r samt annat s\u00e5nt p\u00e5 m\u00e4ssan. Och det har jag sv\u00e5rt motst\u00e5 \u00e4ven om jag f\u00f6rs\u00f6ker bli b\u00e4ttre d\u00e5 jag blivit s\u00e4mre p\u00e5 att dricka l\u00f6s te hemma. F\u00e5r b\u00e4ttra mig d\u00e4r helt enkelt ist\u00e4llet. L\u00f6s te \u00e4r egentligen godare och nog b\u00e4ttre men kr\u00e4ver lite mer insats.<\/p>\n<div id=\"attachment_1008\" style=\"width: 594px\" class=\"wp-caption aligncenter\"><a href=\"https:\/\/themptander.com\/wp-content\/uploads\/2019\/10\/20191011_1308411-e1570840275691.jpg\"><img loading=\"lazy\" decoding=\"async\" aria-describedby=\"caption-attachment-1008\" class=\"wp-image-1008 size-large\" src=\"https:\/\/themptander.com\/wp-content\/uploads\/2019\/10\/20191011_1308411-e1570840275691-768x1024.jpg\" alt=\"\" width=\"584\" height=\"779\" srcset=\"https:\/\/themptander.com\/wp-content\/uploads\/2019\/10\/20191011_1308411-e1570840275691-768x1024.jpg 768w, https:\/\/themptander.com\/wp-content\/uploads\/2019\/10\/20191011_1308411-e1570840275691-225x300.jpg 225w\" sizes=\"auto, (max-width: 584px) 100vw, 584px\" \/><\/a><p id=\"caption-attachment-1008\" class=\"wp-caption-text\">Sjukt l\u00e4ckra chokladskulpturer i former av h\u00e4stsaker och verktyg. Ruggigt naturtrogna.<\/p><\/div>\n<p>Den h\u00e4r g\u00e5ngen blev det n\u00e5gra k\u00f6kshanddukar, lite presenter och n\u00e5gra br\u00f6d.<br \/>\nF\u00f6r n\u00e5gra bagerier \u00e4r alltid d\u00e4r och bakar p\u00e5 plats, det \u00e4r sv\u00e5rt motst\u00e5 lukten av nybakat br\u00f6d och nybakade bullar. V\u00e4ldigt gott m\u00e5ste jag s\u00e4ga \u00e4ven om det jag bakar sj\u00e4lv ocks\u00e5 smakar bra.<\/p>\n<div id=\"attachment_1007\" style=\"width: 594px\" class=\"wp-caption aligncenter\"><a href=\"https:\/\/themptander.com\/wp-content\/uploads\/2019\/10\/20191011_1308381-e1570840293784.jpg\"><img loading=\"lazy\" decoding=\"async\" aria-describedby=\"caption-attachment-1007\" class=\"wp-image-1007 size-large\" src=\"https:\/\/themptander.com\/wp-content\/uploads\/2019\/10\/20191011_1308381-e1570840293784-768x1024.jpg\" alt=\"\" width=\"584\" height=\"779\" srcset=\"https:\/\/themptander.com\/wp-content\/uploads\/2019\/10\/20191011_1308381-e1570840293784-768x1024.jpg 768w, https:\/\/themptander.com\/wp-content\/uploads\/2019\/10\/20191011_1308381-e1570840293784-225x300.jpg 225w\" sizes=\"auto, (max-width: 584px) 100vw, 584px\" \/><\/a><p id=\"caption-attachment-1007\" class=\"wp-caption-text\">De h\u00e4r h\u00f6gklackade skulle jag kunna t\u00e4nka mig ha hemma hellre \u00e4n vanliga<\/p><\/div>\n<p>Trevlig tradition \u00e4r det tycker jag, hoppas den forts\u00e4tter m\u00e5nga \u00e5r fram\u00f6ver \u00e4ven om jag hoppas de g\u00f6r det lite mer br\u00f6dbakinriktat till h\u00f6sten.<\/p>\n<div id=\"attachment_1006\" style=\"width: 594px\" class=\"wp-caption aligncenter\"><a href=\"https:\/\/themptander.com\/wp-content\/uploads\/2019\/10\/20191011_1254351.jpg\"><img loading=\"lazy\" decoding=\"async\" aria-describedby=\"caption-attachment-1006\" class=\"wp-image-1006 size-large\" src=\"https:\/\/themptander.com\/wp-content\/uploads\/2019\/10\/20191011_1254351-1024x768.jpg\" alt=\"\" width=\"584\" height=\"438\" srcset=\"https:\/\/themptander.com\/wp-content\/uploads\/2019\/10\/20191011_1254351-1024x768.jpg 1024w, https:\/\/themptander.com\/wp-content\/uploads\/2019\/10\/20191011_1254351-300x225.jpg 300w, https:\/\/themptander.com\/wp-content\/uploads\/2019\/10\/20191011_1254351-768x576.jpg 768w, https:\/\/themptander.com\/wp-content\/uploads\/2019\/10\/20191011_1254351-400x300.jpg 400w\" sizes=\"auto, (max-width: 584px) 100vw, 584px\" \/><\/a><p id=\"caption-attachment-1006\" class=\"wp-caption-text\">Blir m\u00e5nga fina, f\u00e4rgglada bilder p\u00e5 de h\u00e4r m\u00e4ssorna.<\/p><\/div>\n<p><strong>Vad har ni f\u00f6r favoritchoklad som ni inte kan leva utan?<\/strong><\/p>\n","protected":false},"excerpt":{"rendered":"<p>N\u00e5got sent inl\u00e4gg men b\u00e4ttre sent \u00e4n aldrig har jag h\u00f6rt. \u00c5rlig tradition, Bak och Chokladfestivalen p\u00e5 \u00c4lvsj\u00f6 m\u00e4ssan. Brukar g\u00e5 med mamma och s\u00e5 \u00e4ven i \u00e5r. Det var v\u00e4ldigt trevligt. Dock kan jag tycka det \u00e4r lite tr\u00e5kigt &hellip; <a href=\"https:\/\/themptander.com\/?p=1005\">Continue reading <span class=\"meta-nav\">&rarr;<\/span><\/a><\/p>\n","protected":false},"author":1,"featured_media":0,"comment_status":"open","ping_status":"open","sticky":false,"template":"","format":"standard","meta":{"jetpack_post_was_ever_published":false,"_jetpack_newsletter_access":"","_jetpack_dont_email_post_to_subs":false,"_jetpack_newsletter_tier_id":0,"_jetpack_memberships_contains_paywalled_content":false,"_jetpack_memberships_contains_paid_content":false,"footnotes":""},"categories":[6,4,12,13],"tags":[328,112,133,329,331,330,332,335,334,333],"class_list":["post-1005","post","type-post","status-publish","format-standard","hentry","category-bakning","category-blogg","category-bread","category-sotebrod","tag-bak-och-chokladmassa","tag-bakning","tag-brod","tag-choklad","tag-mamma","tag-massan","tag-mysigt","tag-praliner","tag-skulpturer","tag-tradition"],"jetpack_featured_media_url":"","jetpack_likes_enabled":true,"jetpack_sharing_enabled":true,"_links":{"self":[{"href":"https:\/\/themptander.com\/index.php?rest_route=\/wp\/v2\/posts\/1005","targetHints":{"allow":["GET"]}}],"collection":[{"href":"https:\/\/themptander.com\/index.php?rest_route=\/wp\/v2\/posts"}],"about":[{"href":"https:\/\/themptander.com\/index.php?rest_route=\/wp\/v2\/types\/post"}],"author":[{"embeddable":true,"href":"https:\/\/themptander.com\/index.php?rest_route=\/wp\/v2\/users\/1"}],"replies":[{"embeddable":true,"href":"https:\/\/themptander.com\/index.php?rest_route=%2Fwp%2Fv2%2Fcomments&post=1005"}],"version-history":[{"count":3,"href":"https:\/\/themptander.com\/index.php?rest_route=\/wp\/v2\/posts\/1005\/revisions"}],"predecessor-version":[{"id":1316,"href":"https:\/\/themptander.com\/index.php?rest_route=\/wp\/v2\/posts\/1005\/revisions\/1316"}],"wp:attachment":[{"href":"https:\/\/themptander.com\/index.php?rest_route=%2Fwp%2Fv2%2Fmedia&parent=1005"}],"wp:term":[{"taxonomy":"category","embeddable":true,"href":"https:\/\/themptander.com\/index.php?rest_route=%2Fwp%2Fv2%2Fcategories&post=1005"},{"taxonomy":"post_tag","embeddable":true,"href":"https:\/\/themptander.com\/index.php?rest_route=%2Fwp%2Fv2%2Ftags&post=1005"}],"curies":[{"name":"wp","href":"https:\/\/api.w.org\/{rel}","templated":true}]}}